{"id":1006,"date":"2015-11-26T19:42:27","date_gmt":"2015-11-26T19:42:27","guid":{"rendered":"http:\/\/confederacionhipicadelcaribe.org\/?p=1006"},"modified":"2015-11-26T19:46:20","modified_gmt":"2015-11-26T19:46:20","slug":"lider-en-deportes-ven-panama-le-pone-un-mundo-para-la-serie-hipica-del-caribe-leer-mas-en-httpwww-liderendeportes-comnoticiashipismopanama-le-pone-un-mundo-para-la-serie-hipica-del-c-aspxi","status":"publish","type":"post","link":"https:\/\/confederacionhipicadelcaribe.org\/?p=1006","title":{"rendered":"Panam\u00e1 le pone un mundo para la Serie H\u00edpica del Caribe"},"content":{"rendered":"<p><b>Por: Antonio Jos\u00e9 Medina \/ ajmedina@grupo-un.com<\/b><\/p>\n<p><a href=\"http:\/\/confederacionhipicadelcaribe.org\/wp-content\/uploads\/2015\/11\/rafy.jpg\"><img loading=\"lazy\" decoding=\"async\" class=\"size-medium wp-image-1007 aligncenter\" src=\"http:\/\/confederacionhipicadelcaribe.org\/wp-content\/uploads\/2015\/11\/rafy-300x169.jpg\" alt=\"rafy\" width=\"300\" height=\"169\" srcset=\"https:\/\/confederacionhipicadelcaribe.org\/wp-content\/uploads\/2015\/11\/rafy-300x169.jpg 300w, https:\/\/confederacionhipicadelcaribe.org\/wp-content\/uploads\/2015\/11\/rafy-500x282.jpg 500w, https:\/\/confederacionhipicadelcaribe.org\/wp-content\/uploads\/2015\/11\/rafy.jpg 656w\" sizes=\"auto, (max-width: 300px) 100vw, 300px\" \/><\/a><\/p>\n<p style=\"text-align: center\"><strong><a href=\"http:\/\/www.liderendeportes.com\/noticias\/hipismo\/panama-le-pone-un-mundo-para-la-serie-hipica-del-c.aspx\">Detalles en L\u00edder en Deportes<\/a><\/strong><\/p>\n","protected":false},"excerpt":{"rendered":"<p>Por: Antonio Jos\u00e9 Medina \/ ajmedina@grupo-un.com Detalles en L\u00edder en Deportes<\/p>\n","protected":false},"author":6,"featured_media":0,"comment_status":"closed","ping_status":"open","sticky":false,"template":"","format":"standard","meta":{"footnotes":""},"categories":[11],"tags":[],"class_list":["post-1006","post","type-post","status-publish","format-standard","hentry","category-serie-hipica-del-caribe-2013"],"_links":{"self":[{"href":"https:\/\/confederacionhipicadelcaribe.org\/index.php?rest_route=\/wp\/v2\/posts\/1006","targetHints":{"allow":["GET"]}}],"collection":[{"href":"https:\/\/confederacionhipicadelcaribe.org\/index.php?rest_route=\/wp\/v2\/posts"}],"about":[{"href":"https:\/\/confederacionhipicadelcaribe.org\/index.php?rest_route=\/wp\/v2\/types\/post"}],"author":[{"embeddable":true,"href":"https:\/\/confederacionhipicadelcaribe.org\/index.php?rest_route=\/wp\/v2\/users\/6"}],"replies":[{"embeddable":true,"href":"https:\/\/confederacionhipicadelcaribe.org\/index.php?rest_route=%2Fwp%2Fv2%2Fcomments&post=1006"}],"version-history":[{"count":7,"href":"https:\/\/confederacionhipicadelcaribe.org\/index.php?rest_route=\/wp\/v2\/posts\/1006\/revisions"}],"predecessor-version":[{"id":1014,"href":"https:\/\/confederacionhipicadelcaribe.org\/index.php?rest_route=\/wp\/v2\/posts\/1006\/revisions\/1014"}],"wp:attachment":[{"href":"https:\/\/confederacionhipicadelcaribe.org\/index.php?rest_route=%2Fwp%2Fv2%2Fmedia&parent=1006"}],"wp:term":[{"taxonomy":"category","embeddable":true,"href":"https:\/\/confederacionhipicadelcaribe.org\/index.php?rest_route=%2Fwp%2Fv2%2Fcategories&post=1006"},{"taxonomy":"post_tag","embeddable":true,"href":"https:\/\/confederacionhipicadelcaribe.org\/index.php?rest_route=%2Fwp%2Fv2%2Ftags&post=1006"}],"curies":[{"name":"wp","href":"https:\/\/api.w.org\/{rel}","templated":true}]}}