{"id":1052,"date":"2015-12-03T19:28:59","date_gmt":"2015-12-03T19:28:59","guid":{"rendered":"http:\/\/confederacionhipicadelcaribe.org\/?p=1052"},"modified":"2015-12-03T19:28:59","modified_gmt":"2015-12-03T19:28:59","slug":"luis-alberto-contreras-en-mexico","status":"publish","type":"post","link":"https:\/\/confederacionhipicadelcaribe.org\/?p=1052","title":{"rendered":"LUIS ALBERTO CONTRERAS EN M\u00c9XICO"},"content":{"rendered":"<p>&nbsp;<\/p>\n<h2 class=\"title\"><strong>El fusta mexicano afianzado en Canad\u00e1, har\u00e1 escala en Las Am\u00e9ricas de cara a la Serie H\u00edpica del Caribe 2015<\/strong><\/h2>\n<div class=\"body\">\n<div class=\"_2vxa _209g\">Por: Miguel \u00c1. Espinoza<\/div>\n<\/div>\n<p><a href=\"http:\/\/confederacionhipicadelcaribe.org\/wp-content\/uploads\/2015\/12\/lcontreras.jpg\"><img loading=\"lazy\" decoding=\"async\" class=\"size-full wp-image-1053 aligncenter\" src=\"http:\/\/confederacionhipicadelcaribe.org\/wp-content\/uploads\/2015\/12\/lcontreras.jpg\" alt=\"lcontreras\" width=\"200\" height=\"264\" \/><\/a><\/p>\n<p>&nbsp;<\/p>\n<p style=\"text-align: center\"><span style=\"text-decoration: underline\"><a href=\"http:\/\/www.enlapista.mx\/inicio\/2015\/12\/2\/luis-alberto-contreras-en-mexico.html\" target=\"_blank\">Detalles ENLAPISTA.MX<\/a><\/span><\/p>\n<p>&nbsp;<\/p>\n","protected":false},"excerpt":{"rendered":"<p>&nbsp; El fusta mexicano afianzado en Canad\u00e1, har\u00e1 escala en Las Am\u00e9ricas de cara a la Serie H\u00edpica del Caribe 2015 Por: Miguel \u00c1. Espinoza &nbsp; Detalles ENLAPISTA.MX &nbsp;<\/p>\n","protected":false},"author":6,"featured_media":0,"comment_status":"closed","ping_status":"open","sticky":false,"template":"","format":"standard","meta":{"footnotes":""},"categories":[11],"tags":[],"class_list":["post-1052","post","type-post","status-publish","format-standard","hentry","category-serie-hipica-del-caribe-2013"],"_links":{"self":[{"href":"https:\/\/confederacionhipicadelcaribe.org\/index.php?rest_route=\/wp\/v2\/posts\/1052","targetHints":{"allow":["GET"]}}],"collection":[{"href":"https:\/\/confederacionhipicadelcaribe.org\/index.php?rest_route=\/wp\/v2\/posts"}],"about":[{"href":"https:\/\/confederacionhipicadelcaribe.org\/index.php?rest_route=\/wp\/v2\/types\/post"}],"author":[{"embeddable":true,"href":"https:\/\/confederacionhipicadelcaribe.org\/index.php?rest_route=\/wp\/v2\/users\/6"}],"replies":[{"embeddable":true,"href":"https:\/\/confederacionhipicadelcaribe.org\/index.php?rest_route=%2Fwp%2Fv2%2Fcomments&post=1052"}],"version-history":[{"count":1,"href":"https:\/\/confederacionhipicadelcaribe.org\/index.php?rest_route=\/wp\/v2\/posts\/1052\/revisions"}],"predecessor-version":[{"id":1054,"href":"https:\/\/confederacionhipicadelcaribe.org\/index.php?rest_route=\/wp\/v2\/posts\/1052\/revisions\/1054"}],"wp:attachment":[{"href":"https:\/\/confederacionhipicadelcaribe.org\/index.php?rest_route=%2Fwp%2Fv2%2Fmedia&parent=1052"}],"wp:term":[{"taxonomy":"category","embeddable":true,"href":"https:\/\/confederacionhipicadelcaribe.org\/index.php?rest_route=%2Fwp%2Fv2%2Fcategories&post=1052"},{"taxonomy":"post_tag","embeddable":true,"href":"https:\/\/confederacionhipicadelcaribe.org\/index.php?rest_route=%2Fwp%2Fv2%2Ftags&post=1052"}],"curies":[{"name":"wp","href":"https:\/\/api.w.org\/{rel}","templated":true}]}}