{"id":1067,"date":"2015-12-04T15:31:10","date_gmt":"2015-12-04T15:31:10","guid":{"rendered":"http:\/\/confederacionhipicadelcaribe.org\/?p=1067"},"modified":"2015-12-04T15:31:44","modified_gmt":"2015-12-04T15:31:44","slug":"la-serie-hipica-del-caribe-2015-en-facebook","status":"publish","type":"post","link":"https:\/\/confederacionhipicadelcaribe.org\/?p=1067","title":{"rendered":"La Serie H\u00edpica del Caribe 2015 en FACEBOOK"},"content":{"rendered":"<p>Acceda a la p\u00e1gina oficial de la Serie H\u00edpica del Caribe en Facebook con informaciones y videos de nuestros colaboradores desde el Hip\u00f3dromo Presidente Rem\u00f3n de Panam\u00e1.<\/p>\n<p><a href=\"http:\/\/confederacionhipicadelcaribe.org\/wp-content\/uploads\/2015\/12\/face.jpg\"><img loading=\"lazy\" decoding=\"async\" class=\"wp-image-1068 aligncenter\" src=\"http:\/\/confederacionhipicadelcaribe.org\/wp-content\/uploads\/2015\/12\/face-300x130.jpg\" alt=\"face\" width=\"448\" height=\"204\" \/><\/a><\/p>\n<p style=\"text-align: center\">\u00a0<strong><span style=\"text-decoration: underline\"><a href=\"https:\/\/www.facebook.com\/ClasicoInternacionaldelCaribe\/\" target=\"_blank\">Visite nuestra p\u00e1gina oficial en Facebook.<\/a><\/span><\/strong><\/p>\n","protected":false},"excerpt":{"rendered":"<p>Acceda a la p\u00e1gina oficial de la Serie H\u00edpica del Caribe en Facebook con informaciones y videos de nuestros colaboradores desde el Hip\u00f3dromo Presidente Rem\u00f3n de Panam\u00e1. \u00a0Visite nuestra p\u00e1gina oficial en Facebook.<\/p>\n","protected":false},"author":6,"featured_media":0,"comment_status":"closed","ping_status":"open","sticky":false,"template":"","format":"standard","meta":{"footnotes":""},"categories":[11],"tags":[],"class_list":["post-1067","post","type-post","status-publish","format-standard","hentry","category-serie-hipica-del-caribe-2013"],"_links":{"self":[{"href":"https:\/\/confederacionhipicadelcaribe.org\/index.php?rest_route=\/wp\/v2\/posts\/1067","targetHints":{"allow":["GET"]}}],"collection":[{"href":"https:\/\/confederacionhipicadelcaribe.org\/index.php?rest_route=\/wp\/v2\/posts"}],"about":[{"href":"https:\/\/confederacionhipicadelcaribe.org\/index.php?rest_route=\/wp\/v2\/types\/post"}],"author":[{"embeddable":true,"href":"https:\/\/confederacionhipicadelcaribe.org\/index.php?rest_route=\/wp\/v2\/users\/6"}],"replies":[{"embeddable":true,"href":"https:\/\/confederacionhipicadelcaribe.org\/index.php?rest_route=%2Fwp%2Fv2%2Fcomments&post=1067"}],"version-history":[{"count":2,"href":"https:\/\/confederacionhipicadelcaribe.org\/index.php?rest_route=\/wp\/v2\/posts\/1067\/revisions"}],"predecessor-version":[{"id":1070,"href":"https:\/\/confederacionhipicadelcaribe.org\/index.php?rest_route=\/wp\/v2\/posts\/1067\/revisions\/1070"}],"wp:attachment":[{"href":"https:\/\/confederacionhipicadelcaribe.org\/index.php?rest_route=%2Fwp%2Fv2%2Fmedia&parent=1067"}],"wp:term":[{"taxonomy":"category","embeddable":true,"href":"https:\/\/confederacionhipicadelcaribe.org\/index.php?rest_route=%2Fwp%2Fv2%2Fcategories&post=1067"},{"taxonomy":"post_tag","embeddable":true,"href":"https:\/\/confederacionhipicadelcaribe.org\/index.php?rest_route=%2Fwp%2Fv2%2Ftags&post=1067"}],"curies":[{"name":"wp","href":"https:\/\/api.w.org\/{rel}","templated":true}]}}