{"id":1100,"date":"2015-12-08T18:43:57","date_gmt":"2015-12-08T18:43:57","guid":{"rendered":"http:\/\/confederacionhipicadelcaribe.org\/?p=1100"},"modified":"2015-12-08T19:01:09","modified_gmt":"2015-12-08T19:01:09","slug":"horario-de-partida-para-las-carreras-de-la-serie-hipica-del-caribe-2015","status":"publish","type":"post","link":"https:\/\/confederacionhipicadelcaribe.org\/?p=1100","title":{"rendered":"Horario de Partida para las carreras de la Serie H\u00edpica del Caribe 2015"},"content":{"rendered":"<p>El Presidente del Comit\u00e9 Organizador de la Serie H\u00edpica del Caribe 2015, Rafael Fern\u00e1ndez Prado, informa el horario de partida para los eventos caribe\u00f1os.\u00a0 Todas en hora de Panam\u00e1.<\/p>\n<p><strong>S\u00e1bado, 12 de diciembre<\/strong><\/p>\n<p>Velocidad del Caribe 3:45 p.m.<\/p>\n<p>Dama del Caribe 4:45 p.m.<\/p>\n<p>Confraternidad del Caribe 5:30 p.m.<\/p>\n<p><strong>Domingo, 13 de diciembre<\/strong><\/p>\n<p>Copa Invitacional Importados \u00a04:15 p.m.<\/p>\n<p>Cl\u00e1sico Internacional del Caribe 5:30 p.m.<\/p>\n<p>&nbsp;<\/p>\n<p>Jorge Col\u00f3n Delgado<\/p>\n<p>Oficial de Prensa CHC<\/p>\n<p>8\/12\/2015<\/p>\n","protected":false},"excerpt":{"rendered":"<p>El Presidente del Comit\u00e9 Organizador de la Serie H\u00edpica del Caribe 2015, Rafael Fern\u00e1ndez Prado, informa el horario de partida para los eventos caribe\u00f1os.\u00a0 Todas en hora de Panam\u00e1. S\u00e1bado, 12 de diciembre Velocidad del Caribe 3:45 p.m. Dama del &hellip; <a href=\"https:\/\/confederacionhipicadelcaribe.org\/?p=1100\">Sigue leyendo <span class=\"meta-nav\">&rarr;<\/span><\/a><\/p>\n","protected":false},"author":6,"featured_media":0,"comment_status":"closed","ping_status":"open","sticky":false,"template":"","format":"standard","meta":{"footnotes":""},"categories":[11],"tags":[],"class_list":["post-1100","post","type-post","status-publish","format-standard","hentry","category-serie-hipica-del-caribe-2013"],"_links":{"self":[{"href":"https:\/\/confederacionhipicadelcaribe.org\/index.php?rest_route=\/wp\/v2\/posts\/1100","targetHints":{"allow":["GET"]}}],"collection":[{"href":"https:\/\/confederacionhipicadelcaribe.org\/index.php?rest_route=\/wp\/v2\/posts"}],"about":[{"href":"https:\/\/confederacionhipicadelcaribe.org\/index.php?rest_route=\/wp\/v2\/types\/post"}],"author":[{"embeddable":true,"href":"https:\/\/confederacionhipicadelcaribe.org\/index.php?rest_route=\/wp\/v2\/users\/6"}],"replies":[{"embeddable":true,"href":"https:\/\/confederacionhipicadelcaribe.org\/index.php?rest_route=%2Fwp%2Fv2%2Fcomments&post=1100"}],"version-history":[{"count":1,"href":"https:\/\/confederacionhipicadelcaribe.org\/index.php?rest_route=\/wp\/v2\/posts\/1100\/revisions"}],"predecessor-version":[{"id":1101,"href":"https:\/\/confederacionhipicadelcaribe.org\/index.php?rest_route=\/wp\/v2\/posts\/1100\/revisions\/1101"}],"wp:attachment":[{"href":"https:\/\/confederacionhipicadelcaribe.org\/index.php?rest_route=%2Fwp%2Fv2%2Fmedia&parent=1100"}],"wp:term":[{"taxonomy":"category","embeddable":true,"href":"https:\/\/confederacionhipicadelcaribe.org\/index.php?rest_route=%2Fwp%2Fv2%2Fcategories&post=1100"},{"taxonomy":"post_tag","embeddable":true,"href":"https:\/\/confederacionhipicadelcaribe.org\/index.php?rest_route=%2Fwp%2Fv2%2Ftags&post=1100"}],"curies":[{"name":"wp","href":"https:\/\/api.w.org\/{rel}","templated":true}]}}