{"id":1122,"date":"2016-11-10T14:05:47","date_gmt":"2016-11-10T14:05:47","guid":{"rendered":"http:\/\/confederacionhipicadelcaribe.org\/?p=1122"},"modified":"2016-11-10T14:05:47","modified_gmt":"2016-11-10T14:05:47","slug":"panama-anuncia-sus-representantes","status":"publish","type":"post","link":"https:\/\/confederacionhipicadelcaribe.org\/?p=1122","title":{"rendered":"Panam\u00e1 anuncia sus representantes"},"content":{"rendered":"<div id=\"attachment_1123\" style=\"width: 594px\" class=\"wp-caption aligncenter\"><a href=\"http:\/\/confederacionhipicadelcaribe.org\/wp-content\/uploads\/2016\/11\/calinico.jpg\"><img loading=\"lazy\" decoding=\"async\" aria-describedby=\"caption-attachment-1123\" class=\"wp-image-1123 size-large\" src=\"http:\/\/confederacionhipicadelcaribe.org\/wp-content\/uploads\/2016\/11\/calinico-1024x824.jpg\" alt=\"calinico\" width=\"584\" height=\"469\" srcset=\"https:\/\/confederacionhipicadelcaribe.org\/wp-content\/uploads\/2016\/11\/calinico-1024x824.jpg 1024w, https:\/\/confederacionhipicadelcaribe.org\/wp-content\/uploads\/2016\/11\/calinico-300x241.jpg 300w, https:\/\/confederacionhipicadelcaribe.org\/wp-content\/uploads\/2016\/11\/calinico-372x300.jpg 372w\" sizes=\"auto, (max-width: 584px) 100vw, 584px\" \/><\/a><p id=\"caption-attachment-1123\" class=\"wp-caption-text\">CALINICO, actual Campe\u00f3n del Caribe.<\/p><\/div>\n<p>Rafael Fern\u00e1ndez Prado, delegado de Panam\u00e1 en la Confederaci\u00f3n H\u00edpica del Caribe, inform\u00f3 que catorce ejemplares viajaran a Puerto Rico el 14 de noviembre para la Serie H\u00edpica del Caribe a celebrarse el 10 y 11 de diciembre en el Hip\u00f3dromo Camarero.<\/p>\n<p><strong>Cl\u00e1sico de Caribe<\/strong><\/p>\n<p>Chantik, Tigre Mono y Dynamo<\/p>\n<p><strong>Copa Velocidad <\/strong><\/p>\n<p>Rechulo,\u00a0Hombre con Fe y\u00a0El Pr\u00edncipe<\/p>\n<p><strong>Dama del Caribe<\/strong><\/p>\n<p>Lady Rose y La An\u00f3nima<\/p>\n<p><strong>Copa Confraternidad<\/strong><\/p>\n<p>Assassin,\u00a0Sparto y\u00a0Cal\u00ednico<\/p>\n<p><strong>Copa Invitacional<\/strong><\/p>\n<p>V. I. P. Zone,\u00a0Torniquete y Salustio<\/p>\n<p>&nbsp;<\/p>\n<p>Jorge Col\u00f3n Delgado<\/p>\n<p>Oficial de Prensa<\/p>\n<p>8\/11\/16<\/p>\n","protected":false},"excerpt":{"rendered":"<p>Rafael Fern\u00e1ndez Prado, delegado de Panam\u00e1 en la Confederaci\u00f3n H\u00edpica del Caribe, inform\u00f3 que catorce ejemplares viajaran a Puerto Rico el 14 de noviembre para la Serie H\u00edpica del Caribe a celebrarse el 10 y 11 de diciembre en el &hellip; <a href=\"https:\/\/confederacionhipicadelcaribe.org\/?p=1122\">Sigue leyendo <span class=\"meta-nav\">&rarr;<\/span><\/a><\/p>\n","protected":false},"author":6,"featured_media":0,"comment_status":"closed","ping_status":"open","sticky":false,"template":"","format":"standard","meta":{"footnotes":""},"categories":[11],"tags":[],"class_list":["post-1122","post","type-post","status-publish","format-standard","hentry","category-serie-hipica-del-caribe-2013"],"_links":{"self":[{"href":"https:\/\/confederacionhipicadelcaribe.org\/index.php?rest_route=\/wp\/v2\/posts\/1122","targetHints":{"allow":["GET"]}}],"collection":[{"href":"https:\/\/confederacionhipicadelcaribe.org\/index.php?rest_route=\/wp\/v2\/posts"}],"about":[{"href":"https:\/\/confederacionhipicadelcaribe.org\/index.php?rest_route=\/wp\/v2\/types\/post"}],"author":[{"embeddable":true,"href":"https:\/\/confederacionhipicadelcaribe.org\/index.php?rest_route=\/wp\/v2\/users\/6"}],"replies":[{"embeddable":true,"href":"https:\/\/confederacionhipicadelcaribe.org\/index.php?rest_route=%2Fwp%2Fv2%2Fcomments&post=1122"}],"version-history":[{"count":1,"href":"https:\/\/confederacionhipicadelcaribe.org\/index.php?rest_route=\/wp\/v2\/posts\/1122\/revisions"}],"predecessor-version":[{"id":1124,"href":"https:\/\/confederacionhipicadelcaribe.org\/index.php?rest_route=\/wp\/v2\/posts\/1122\/revisions\/1124"}],"wp:attachment":[{"href":"https:\/\/confederacionhipicadelcaribe.org\/index.php?rest_route=%2Fwp%2Fv2%2Fmedia&parent=1122"}],"wp:term":[{"taxonomy":"category","embeddable":true,"href":"https:\/\/confederacionhipicadelcaribe.org\/index.php?rest_route=%2Fwp%2Fv2%2Fcategories&post=1122"},{"taxonomy":"post_tag","embeddable":true,"href":"https:\/\/confederacionhipicadelcaribe.org\/index.php?rest_route=%2Fwp%2Fv2%2Ftags&post=1122"}],"curies":[{"name":"wp","href":"https:\/\/api.w.org\/{rel}","templated":true}]}}