{"id":1125,"date":"2016-11-10T14:09:00","date_gmt":"2016-11-10T14:09:00","guid":{"rendered":"http:\/\/confederacionhipicadelcaribe.org\/?p=1125"},"modified":"2016-11-10T14:09:00","modified_gmt":"2016-11-10T14:09:00","slug":"reaparece-republica-dominicana","status":"publish","type":"post","link":"https:\/\/confederacionhipicadelcaribe.org\/?p=1125","title":{"rendered":"Reaparece Rep\u00fablica Dominicana"},"content":{"rendered":"<div id=\"attachment_1126\" style=\"width: 500px\" class=\"wp-caption aligncenter\"><a href=\"http:\/\/confederacionhipicadelcaribe.org\/wp-content\/uploads\/2016\/11\/tango.jpg\"><img loading=\"lazy\" decoding=\"async\" aria-describedby=\"caption-attachment-1126\" class=\"wp-image-1126 size-full\" src=\"http:\/\/confederacionhipicadelcaribe.org\/wp-content\/uploads\/2016\/11\/tango.jpg\" alt=\"tango\" width=\"490\" height=\"350\" srcset=\"https:\/\/confederacionhipicadelcaribe.org\/wp-content\/uploads\/2016\/11\/tango.jpg 490w, https:\/\/confederacionhipicadelcaribe.org\/wp-content\/uploads\/2016\/11\/tango-300x214.jpg 300w, https:\/\/confederacionhipicadelcaribe.org\/wp-content\/uploads\/2016\/11\/tango-420x300.jpg 420w\" sizes=\"auto, (max-width: 490px) 100vw, 490px\" \/><\/a><p id=\"caption-attachment-1126\" class=\"wp-caption-text\">TANGO DANCER, el Campe\u00f3n Dominicano<\/p><\/div>\n<p>Luego de una ausencia de seis a\u00f1os, la Rep\u00fablica Dominicana reaparece en la Serie H\u00edpica del Caribe a celebrarse el 10 y 11 de diciembre en el Hip\u00f3dromo Camarero.\u00a0 La delegaci\u00f3n quisqueyana, compuesta por tres ejemplares, llegar\u00e1 a Puerto Rico el 14 de noviembre.\u00a0 Un ejemplar adicional har\u00e1 el viaje con el grupo.<\/p>\n<p><strong>Cl\u00e1sico del Caribe<\/strong><\/p>\n<p>Tango Dancer e Impecable<\/p>\n<p><strong>Copa Invitacional<\/strong><\/p>\n<p>Poco Man<\/p>\n<p>El cuarto ejemplar es Second Chance, tresa\u00f1ero nacido en Venezuela que actualmente est\u00e1 haciendo campa\u00f1a en la Rep\u00fablica Dominicana.<\/p>\n<p>&nbsp;<\/p>\n<p>Jorge Col\u00f3n Delgado<\/p>\n<p>Oficial de Prensa<\/p>\n<p>8\/11\/16<\/p>\n","protected":false},"excerpt":{"rendered":"<p>Luego de una ausencia de seis a\u00f1os, la Rep\u00fablica Dominicana reaparece en la Serie H\u00edpica del Caribe a celebrarse el 10 y 11 de diciembre en el Hip\u00f3dromo Camarero.\u00a0 La delegaci\u00f3n quisqueyana, compuesta por tres ejemplares, llegar\u00e1 a Puerto Rico &hellip; <a href=\"https:\/\/confederacionhipicadelcaribe.org\/?p=1125\">Sigue leyendo <span class=\"meta-nav\">&rarr;<\/span><\/a><\/p>\n","protected":false},"author":6,"featured_media":0,"comment_status":"closed","ping_status":"open","sticky":false,"template":"","format":"standard","meta":{"footnotes":""},"categories":[11],"tags":[],"class_list":["post-1125","post","type-post","status-publish","format-standard","hentry","category-serie-hipica-del-caribe-2013"],"_links":{"self":[{"href":"https:\/\/confederacionhipicadelcaribe.org\/index.php?rest_route=\/wp\/v2\/posts\/1125","targetHints":{"allow":["GET"]}}],"collection":[{"href":"https:\/\/confederacionhipicadelcaribe.org\/index.php?rest_route=\/wp\/v2\/posts"}],"about":[{"href":"https:\/\/confederacionhipicadelcaribe.org\/index.php?rest_route=\/wp\/v2\/types\/post"}],"author":[{"embeddable":true,"href":"https:\/\/confederacionhipicadelcaribe.org\/index.php?rest_route=\/wp\/v2\/users\/6"}],"replies":[{"embeddable":true,"href":"https:\/\/confederacionhipicadelcaribe.org\/index.php?rest_route=%2Fwp%2Fv2%2Fcomments&post=1125"}],"version-history":[{"count":1,"href":"https:\/\/confederacionhipicadelcaribe.org\/index.php?rest_route=\/wp\/v2\/posts\/1125\/revisions"}],"predecessor-version":[{"id":1127,"href":"https:\/\/confederacionhipicadelcaribe.org\/index.php?rest_route=\/wp\/v2\/posts\/1125\/revisions\/1127"}],"wp:attachment":[{"href":"https:\/\/confederacionhipicadelcaribe.org\/index.php?rest_route=%2Fwp%2Fv2%2Fmedia&parent=1125"}],"wp:term":[{"taxonomy":"category","embeddable":true,"href":"https:\/\/confederacionhipicadelcaribe.org\/index.php?rest_route=%2Fwp%2Fv2%2Fcategories&post=1125"},{"taxonomy":"post_tag","embeddable":true,"href":"https:\/\/confederacionhipicadelcaribe.org\/index.php?rest_route=%2Fwp%2Fv2%2Ftags&post=1125"}],"curies":[{"name":"wp","href":"https:\/\/api.w.org\/{rel}","templated":true}]}}