{"id":1128,"date":"2016-11-10T14:12:05","date_gmt":"2016-11-10T14:12:05","guid":{"rendered":"http:\/\/confederacionhipicadelcaribe.org\/?p=1128"},"modified":"2016-11-10T14:12:13","modified_gmt":"2016-11-10T14:12:13","slug":"presente-ecuador-en-la-serie-hipica-del-carib","status":"publish","type":"post","link":"https:\/\/confederacionhipicadelcaribe.org\/?p=1128","title":{"rendered":"Presente Ecuador en la Serie H\u00edpica del Caribe"},"content":{"rendered":"<p><a href=\"http:\/\/confederacionhipicadelcaribe.org\/wp-content\/uploads\/2016\/11\/hipo2.jpg\"><img loading=\"lazy\" decoding=\"async\" class=\"aligncenter wp-image-1129 size-full\" src=\"http:\/\/confederacionhipicadelcaribe.org\/wp-content\/uploads\/2016\/11\/hipo2.jpg\" alt=\"hipo2\" width=\"372\" height=\"198\" srcset=\"https:\/\/confederacionhipicadelcaribe.org\/wp-content\/uploads\/2016\/11\/hipo2.jpg 372w, https:\/\/confederacionhipicadelcaribe.org\/wp-content\/uploads\/2016\/11\/hipo2-300x159.jpg 300w\" sizes=\"auto, (max-width: 372px) 100vw, 372px\" \/><\/a><\/p>\n<p>El delegado de Ecuador en la Confederaci\u00f3n H\u00edpica del Caribe, Andr\u00e9s Madero, inform\u00f3 que Camila, una hija de Big Ten en Camilinha, ver\u00e1 acci\u00f3n en la Copa Dama del Caribe.<\/p>\n<p>Jorge Col\u00f3n Delgado<\/p>\n<p>Oficial de Prensa<\/p>\n<p>8\/11\/16<\/p>\n","protected":false},"excerpt":{"rendered":"<p>El delegado de Ecuador en la Confederaci\u00f3n H\u00edpica del Caribe, Andr\u00e9s Madero, inform\u00f3 que Camila, una hija de Big Ten en Camilinha, ver\u00e1 acci\u00f3n en la Copa Dama del Caribe. Jorge Col\u00f3n Delgado Oficial de Prensa 8\/11\/16<\/p>\n","protected":false},"author":6,"featured_media":0,"comment_status":"closed","ping_status":"open","sticky":false,"template":"","format":"standard","meta":{"footnotes":""},"categories":[11],"tags":[],"class_list":["post-1128","post","type-post","status-publish","format-standard","hentry","category-serie-hipica-del-caribe-2013"],"_links":{"self":[{"href":"https:\/\/confederacionhipicadelcaribe.org\/index.php?rest_route=\/wp\/v2\/posts\/1128","targetHints":{"allow":["GET"]}}],"collection":[{"href":"https:\/\/confederacionhipicadelcaribe.org\/index.php?rest_route=\/wp\/v2\/posts"}],"about":[{"href":"https:\/\/confederacionhipicadelcaribe.org\/index.php?rest_route=\/wp\/v2\/types\/post"}],"author":[{"embeddable":true,"href":"https:\/\/confederacionhipicadelcaribe.org\/index.php?rest_route=\/wp\/v2\/users\/6"}],"replies":[{"embeddable":true,"href":"https:\/\/confederacionhipicadelcaribe.org\/index.php?rest_route=%2Fwp%2Fv2%2Fcomments&post=1128"}],"version-history":[{"count":2,"href":"https:\/\/confederacionhipicadelcaribe.org\/index.php?rest_route=\/wp\/v2\/posts\/1128\/revisions"}],"predecessor-version":[{"id":1131,"href":"https:\/\/confederacionhipicadelcaribe.org\/index.php?rest_route=\/wp\/v2\/posts\/1128\/revisions\/1131"}],"wp:attachment":[{"href":"https:\/\/confederacionhipicadelcaribe.org\/index.php?rest_route=%2Fwp%2Fv2%2Fmedia&parent=1128"}],"wp:term":[{"taxonomy":"category","embeddable":true,"href":"https:\/\/confederacionhipicadelcaribe.org\/index.php?rest_route=%2Fwp%2Fv2%2Fcategories&post=1128"},{"taxonomy":"post_tag","embeddable":true,"href":"https:\/\/confederacionhipicadelcaribe.org\/index.php?rest_route=%2Fwp%2Fv2%2Ftags&post=1128"}],"curies":[{"name":"wp","href":"https:\/\/api.w.org\/{rel}","templated":true}]}}