{"id":1135,"date":"2016-11-10T14:18:54","date_gmt":"2016-11-10T14:18:54","guid":{"rendered":"http:\/\/confederacionhipicadelcaribe.org\/?p=1135"},"modified":"2016-11-10T14:18:54","modified_gmt":"2016-11-10T14:18:54","slug":"ricardo-santana-jr-vera-accion-en-la-serie-hipica-del-caribe","status":"publish","type":"post","link":"https:\/\/confederacionhipicadelcaribe.org\/?p=1135","title":{"rendered":"Ricardo Santana Jr. ver\u00e1 acci\u00f3n en la Serie H\u00edpica del Caribe"},"content":{"rendered":"<div id=\"attachment_1136\" style=\"width: 594px\" class=\"wp-caption aligncenter\"><a href=\"http:\/\/confederacionhipicadelcaribe.org\/wp-content\/uploads\/2016\/11\/Ricardo-Santana-Jr-.jpg\"><img loading=\"lazy\" decoding=\"async\" aria-describedby=\"caption-attachment-1136\" class=\"wp-image-1136 size-large\" src=\"http:\/\/confederacionhipicadelcaribe.org\/wp-content\/uploads\/2016\/11\/Ricardo-Santana-Jr--1024x683.jpg\" alt=\"ricardo-santana-jr\" width=\"584\" height=\"389\" srcset=\"https:\/\/confederacionhipicadelcaribe.org\/wp-content\/uploads\/2016\/11\/Ricardo-Santana-Jr--1024x683.jpg 1024w, https:\/\/confederacionhipicadelcaribe.org\/wp-content\/uploads\/2016\/11\/Ricardo-Santana-Jr--300x200.jpg 300w, https:\/\/confederacionhipicadelcaribe.org\/wp-content\/uploads\/2016\/11\/Ricardo-Santana-Jr--449x300.jpg 449w\" sizes=\"auto, (max-width: 584px) 100vw, 584px\" \/><\/a><p id=\"caption-attachment-1136\" class=\"wp-caption-text\">Ricardo Santan Jr. buscar\u00e1 su primer triunfo caribe\u00f1o<\/p><\/div>\n<p>El entrenador Rafael Fern\u00e1ndez Prado, inform\u00f3 que el l\u00e1tigo paname\u00f1o, Ricardo Santana Jr. ver\u00e1 acci\u00f3n en la Serie H\u00edpica del Caribe con varios ejemplares de Panam\u00e1.\u00a0 En el Cl\u00e1sico del Caribe, montar\u00e1 a Dynamo; en la Copa Confraternidad a Cal\u00ednico; y en la Copa Velocidad a El Pr\u00edncipe.<\/p>\n<p>Santana Jr. lleg\u00f3 tercero en el Cl\u00e1sico del Caribe de 2013 con Tom\u00e1s Gabriel.\u00a0 Este a\u00f1o, en Estados Unidos, ha ganado 137 carreras en 890 montas con $7,637, 592 en premios.<\/p>\n<p>Fern\u00e1ndez Prado presentar\u00e1 a Dynamo y El Pr\u00edncipe mientras Alberto Paz Rodr\u00edguez har\u00e1 lo propio con Cal\u00ednico.<\/p>\n<p>&nbsp;<\/p>\n<p>Jorge Col\u00f3n Delgado,\u00a0Oficial de Prensa,\u00a09\/11\/16<\/p>\n<p>&nbsp;<\/p>\n","protected":false},"excerpt":{"rendered":"<p>El entrenador Rafael Fern\u00e1ndez Prado, inform\u00f3 que el l\u00e1tigo paname\u00f1o, Ricardo Santana Jr. ver\u00e1 acci\u00f3n en la Serie H\u00edpica del Caribe con varios ejemplares de Panam\u00e1.\u00a0 En el Cl\u00e1sico del Caribe, montar\u00e1 a Dynamo; en la Copa Confraternidad a Cal\u00ednico; &hellip; <a href=\"https:\/\/confederacionhipicadelcaribe.org\/?p=1135\">Sigue leyendo <span class=\"meta-nav\">&rarr;<\/span><\/a><\/p>\n","protected":false},"author":6,"featured_media":0,"comment_status":"closed","ping_status":"open","sticky":false,"template":"","format":"standard","meta":{"footnotes":""},"categories":[11],"tags":[],"class_list":["post-1135","post","type-post","status-publish","format-standard","hentry","category-serie-hipica-del-caribe-2013"],"_links":{"self":[{"href":"https:\/\/confederacionhipicadelcaribe.org\/index.php?rest_route=\/wp\/v2\/posts\/1135","targetHints":{"allow":["GET"]}}],"collection":[{"href":"https:\/\/confederacionhipicadelcaribe.org\/index.php?rest_route=\/wp\/v2\/posts"}],"about":[{"href":"https:\/\/confederacionhipicadelcaribe.org\/index.php?rest_route=\/wp\/v2\/types\/post"}],"author":[{"embeddable":true,"href":"https:\/\/confederacionhipicadelcaribe.org\/index.php?rest_route=\/wp\/v2\/users\/6"}],"replies":[{"embeddable":true,"href":"https:\/\/confederacionhipicadelcaribe.org\/index.php?rest_route=%2Fwp%2Fv2%2Fcomments&post=1135"}],"version-history":[{"count":1,"href":"https:\/\/confederacionhipicadelcaribe.org\/index.php?rest_route=\/wp\/v2\/posts\/1135\/revisions"}],"predecessor-version":[{"id":1137,"href":"https:\/\/confederacionhipicadelcaribe.org\/index.php?rest_route=\/wp\/v2\/posts\/1135\/revisions\/1137"}],"wp:attachment":[{"href":"https:\/\/confederacionhipicadelcaribe.org\/index.php?rest_route=%2Fwp%2Fv2%2Fmedia&parent=1135"}],"wp:term":[{"taxonomy":"category","embeddable":true,"href":"https:\/\/confederacionhipicadelcaribe.org\/index.php?rest_route=%2Fwp%2Fv2%2Fcategories&post=1135"},{"taxonomy":"post_tag","embeddable":true,"href":"https:\/\/confederacionhipicadelcaribe.org\/index.php?rest_route=%2Fwp%2Fv2%2Ftags&post=1135"}],"curies":[{"name":"wp","href":"https:\/\/api.w.org\/{rel}","templated":true}]}}