{"id":1146,"date":"2016-11-15T14:49:33","date_gmt":"2016-11-15T14:49:33","guid":{"rendered":"http:\/\/confederacionhipicadelcaribe.org\/?p=1146"},"modified":"2016-11-15T14:50:08","modified_gmt":"2016-11-15T14:50:08","slug":"irad-ortiz-jr-montara-a-exclusivo-en-el-clasico-del-caribe","status":"publish","type":"post","link":"https:\/\/confederacionhipicadelcaribe.org\/?p=1146","title":{"rendered":"Irad Ortiz Jr. montar\u00e1 a Exclusivo en el Cl\u00e1sico del Caribe"},"content":{"rendered":"<div id=\"attachment_1133\" style=\"width: 1010px\" class=\"wp-caption aligncenter\"><a href=\"http:\/\/confederacionhipicadelcaribe.org\/wp-content\/uploads\/2016\/11\/irad.jpg\"><img loading=\"lazy\" decoding=\"async\" aria-describedby=\"caption-attachment-1133\" class=\"wp-image-1133 size-full\" src=\"http:\/\/confederacionhipicadelcaribe.org\/wp-content\/uploads\/2016\/11\/irad.jpg\" alt=\"irad\" width=\"1000\" height=\"667\" srcset=\"https:\/\/confederacionhipicadelcaribe.org\/wp-content\/uploads\/2016\/11\/irad.jpg 1000w, https:\/\/confederacionhipicadelcaribe.org\/wp-content\/uploads\/2016\/11\/irad-300x200.jpg 300w, https:\/\/confederacionhipicadelcaribe.org\/wp-content\/uploads\/2016\/11\/irad-449x300.jpg 449w\" sizes=\"auto, (max-width: 1000px) 100vw, 1000px\" \/><\/a><p id=\"caption-attachment-1133\" class=\"wp-caption-text\">Irad Ort\u00edz Jr. en los estribos de EXCLUSIVO en el Cl\u00e1sico del Caribe 2016<\/p><\/div>\n<p>El entrenador Sammy Garc\u00eda, ganador de m\u00faltiples eventos caribe\u00f1os, inform\u00f3 que Irad Ortiz Jr., ser\u00e1 el jinete de Exclusivo en el Cl\u00e1sico del Caribe.\u00a0 En este evento, Garc\u00eda tambi\u00e9n presentar\u00e1 a Heladero, quien ser\u00e1 montado por Erik Ram\u00edrez.<\/p>\n<p>Adem\u00e1s, Garc\u00eda inform\u00f3 que en la Copa Confraternidad tiene dos ejemplares, Registro y Son de Goma que ser\u00e1n conducidos por Erik Ram\u00edrez y Edwin Castro, respectivamente.\u00a0 Mientras, en la Copa Invitacional para Importados, lleva a Springcourt y su jinete ser\u00e1 Juan Carlos D\u00edaz.<\/p>\n<p>Jorge Col\u00f3n Delgado Oficial de Prensa\u00a015\/11\/16<\/p>\n<p>&nbsp;<\/p>\n","protected":false},"excerpt":{"rendered":"<p>El entrenador Sammy Garc\u00eda, ganador de m\u00faltiples eventos caribe\u00f1os, inform\u00f3 que Irad Ortiz Jr., ser\u00e1 el jinete de Exclusivo en el Cl\u00e1sico del Caribe.\u00a0 En este evento, Garc\u00eda tambi\u00e9n presentar\u00e1 a Heladero, quien ser\u00e1 montado por Erik Ram\u00edrez. Adem\u00e1s, Garc\u00eda &hellip; <a href=\"https:\/\/confederacionhipicadelcaribe.org\/?p=1146\">Sigue leyendo <span class=\"meta-nav\">&rarr;<\/span><\/a><\/p>\n","protected":false},"author":6,"featured_media":0,"comment_status":"closed","ping_status":"open","sticky":false,"template":"","format":"standard","meta":{"footnotes":""},"categories":[11],"tags":[],"class_list":["post-1146","post","type-post","status-publish","format-standard","hentry","category-serie-hipica-del-caribe-2013"],"_links":{"self":[{"href":"https:\/\/confederacionhipicadelcaribe.org\/index.php?rest_route=\/wp\/v2\/posts\/1146","targetHints":{"allow":["GET"]}}],"collection":[{"href":"https:\/\/confederacionhipicadelcaribe.org\/index.php?rest_route=\/wp\/v2\/posts"}],"about":[{"href":"https:\/\/confederacionhipicadelcaribe.org\/index.php?rest_route=\/wp\/v2\/types\/post"}],"author":[{"embeddable":true,"href":"https:\/\/confederacionhipicadelcaribe.org\/index.php?rest_route=\/wp\/v2\/users\/6"}],"replies":[{"embeddable":true,"href":"https:\/\/confederacionhipicadelcaribe.org\/index.php?rest_route=%2Fwp%2Fv2%2Fcomments&post=1146"}],"version-history":[{"count":2,"href":"https:\/\/confederacionhipicadelcaribe.org\/index.php?rest_route=\/wp\/v2\/posts\/1146\/revisions"}],"predecessor-version":[{"id":1148,"href":"https:\/\/confederacionhipicadelcaribe.org\/index.php?rest_route=\/wp\/v2\/posts\/1146\/revisions\/1148"}],"wp:attachment":[{"href":"https:\/\/confederacionhipicadelcaribe.org\/index.php?rest_route=%2Fwp%2Fv2%2Fmedia&parent=1146"}],"wp:term":[{"taxonomy":"category","embeddable":true,"href":"https:\/\/confederacionhipicadelcaribe.org\/index.php?rest_route=%2Fwp%2Fv2%2Fcategories&post=1146"},{"taxonomy":"post_tag","embeddable":true,"href":"https:\/\/confederacionhipicadelcaribe.org\/index.php?rest_route=%2Fwp%2Fv2%2Ftags&post=1146"}],"curies":[{"name":"wp","href":"https:\/\/api.w.org\/{rel}","templated":true}]}}