{"id":1155,"date":"2016-11-18T14:41:21","date_gmt":"2016-11-18T14:41:21","guid":{"rendered":"http:\/\/confederacionhipicadelcaribe.org\/?p=1155"},"modified":"2016-11-18T14:41:21","modified_gmt":"2016-11-18T14:41:21","slug":"llego-la-delegacion-de-mexico","status":"publish","type":"post","link":"https:\/\/confederacionhipicadelcaribe.org\/?p=1155","title":{"rendered":"Lleg\u00f3 la delegaci\u00f3n de M\u00e9xico"},"content":{"rendered":"<p>Los ejemplares de M\u00e9xico llegaron todos bien y comenzaron la cuarentena esta madrugada a las 3:44 am.\u00a0 Ya se encuentran debidamente acuartelados en la Cuarentena Federal ubicada en\u00a0 la Hacienda Siesta Alegre, de Greg y Linda Jackson.<\/p>\n<p>Falta por llegar el ejemplar representativo de Ecuador que arribar\u00e1 a Puerto Rico el 2 de diciembre.<\/p>\n<p>Jorge Col\u00f3n Delgado &#8211;\u00a0Oficial de Prensa &#8211;\u00a018\/11\/16<\/p>\n<p>&nbsp;<\/p>\n","protected":false},"excerpt":{"rendered":"<p>Los ejemplares de M\u00e9xico llegaron todos bien y comenzaron la cuarentena esta madrugada a las 3:44 am.\u00a0 Ya se encuentran debidamente acuartelados en la Cuarentena Federal ubicada en\u00a0 la Hacienda Siesta Alegre, de Greg y Linda Jackson. Falta por llegar &hellip; <a href=\"https:\/\/confederacionhipicadelcaribe.org\/?p=1155\">Sigue leyendo <span class=\"meta-nav\">&rarr;<\/span><\/a><\/p>\n","protected":false},"author":6,"featured_media":0,"comment_status":"closed","ping_status":"open","sticky":false,"template":"","format":"standard","meta":{"footnotes":""},"categories":[11],"tags":[],"class_list":["post-1155","post","type-post","status-publish","format-standard","hentry","category-serie-hipica-del-caribe-2013"],"_links":{"self":[{"href":"https:\/\/confederacionhipicadelcaribe.org\/index.php?rest_route=\/wp\/v2\/posts\/1155","targetHints":{"allow":["GET"]}}],"collection":[{"href":"https:\/\/confederacionhipicadelcaribe.org\/index.php?rest_route=\/wp\/v2\/posts"}],"about":[{"href":"https:\/\/confederacionhipicadelcaribe.org\/index.php?rest_route=\/wp\/v2\/types\/post"}],"author":[{"embeddable":true,"href":"https:\/\/confederacionhipicadelcaribe.org\/index.php?rest_route=\/wp\/v2\/users\/6"}],"replies":[{"embeddable":true,"href":"https:\/\/confederacionhipicadelcaribe.org\/index.php?rest_route=%2Fwp%2Fv2%2Fcomments&post=1155"}],"version-history":[{"count":1,"href":"https:\/\/confederacionhipicadelcaribe.org\/index.php?rest_route=\/wp\/v2\/posts\/1155\/revisions"}],"predecessor-version":[{"id":1156,"href":"https:\/\/confederacionhipicadelcaribe.org\/index.php?rest_route=\/wp\/v2\/posts\/1155\/revisions\/1156"}],"wp:attachment":[{"href":"https:\/\/confederacionhipicadelcaribe.org\/index.php?rest_route=%2Fwp%2Fv2%2Fmedia&parent=1155"}],"wp:term":[{"taxonomy":"category","embeddable":true,"href":"https:\/\/confederacionhipicadelcaribe.org\/index.php?rest_route=%2Fwp%2Fv2%2Fcategories&post=1155"},{"taxonomy":"post_tag","embeddable":true,"href":"https:\/\/confederacionhipicadelcaribe.org\/index.php?rest_route=%2Fwp%2Fv2%2Ftags&post=1155"}],"curies":[{"name":"wp","href":"https:\/\/api.w.org\/{rel}","templated":true}]}}