{"id":1157,"date":"2016-11-20T15:03:36","date_gmt":"2016-11-20T15:03:36","guid":{"rendered":"http:\/\/confederacionhipicadelcaribe.org\/?p=1157"},"modified":"2016-11-20T15:03:36","modified_gmt":"2016-11-20T15:03:36","slug":"horario-de-trabajos-matinales-para-los-ejemplares-caribenos","status":"publish","type":"post","link":"https:\/\/confederacionhipicadelcaribe.org\/?p=1157","title":{"rendered":"Horario de trabajos matinales para los ejemplares caribe\u00f1os"},"content":{"rendered":"<p>Las ejemplares de Panam\u00e1, M\u00e9xico y Rep\u00fablica Dominicana, ir\u00e1n a la pista por primera vez el pr\u00f3ximo martes, 22 de noviembre.\u00a0 El itinerario para los trabajos matinales de estos ejemplares ser\u00e1 en el horario regular, lunes a s\u00e1bado, de 6 am a 10 am.<\/p>\n<p>Al realizar la cuarentena en la Hacienda Siesta Alegre, que es una instalaci\u00f3n oficial del gobierno federal,\u00a0 esto permite que los equinos caribe\u00f1os puedan ejercitarse\u00a0 junto a los ejemplares locales a la hora m\u00e1s conveniente.<\/p>\n<p>La Serie H\u00edpica del Caribe se correr\u00e1 el 10 y 11 de diciembre en el Hip\u00f3dromo Camarero con ejemplares de Panam\u00e1, M\u00e9xico, Ecuador, Rep\u00fablica Dominicana y Puerto Rico.<\/p>\n<p>&nbsp;<\/p>\n<p>Jorge Col\u00f3n Delgado &#8211; Oficial de Prensa &#8211; 19\/11\/16<\/p>\n<p>&nbsp;<\/p>\n","protected":false},"excerpt":{"rendered":"<p>Las ejemplares de Panam\u00e1, M\u00e9xico y Rep\u00fablica Dominicana, ir\u00e1n a la pista por primera vez el pr\u00f3ximo martes, 22 de noviembre.\u00a0 El itinerario para los trabajos matinales de estos ejemplares ser\u00e1 en el horario regular, lunes a s\u00e1bado, de 6 &hellip; <a href=\"https:\/\/confederacionhipicadelcaribe.org\/?p=1157\">Sigue leyendo <span class=\"meta-nav\">&rarr;<\/span><\/a><\/p>\n","protected":false},"author":6,"featured_media":0,"comment_status":"closed","ping_status":"open","sticky":false,"template":"","format":"standard","meta":{"footnotes":""},"categories":[11],"tags":[],"class_list":["post-1157","post","type-post","status-publish","format-standard","hentry","category-serie-hipica-del-caribe-2013"],"_links":{"self":[{"href":"https:\/\/confederacionhipicadelcaribe.org\/index.php?rest_route=\/wp\/v2\/posts\/1157","targetHints":{"allow":["GET"]}}],"collection":[{"href":"https:\/\/confederacionhipicadelcaribe.org\/index.php?rest_route=\/wp\/v2\/posts"}],"about":[{"href":"https:\/\/confederacionhipicadelcaribe.org\/index.php?rest_route=\/wp\/v2\/types\/post"}],"author":[{"embeddable":true,"href":"https:\/\/confederacionhipicadelcaribe.org\/index.php?rest_route=\/wp\/v2\/users\/6"}],"replies":[{"embeddable":true,"href":"https:\/\/confederacionhipicadelcaribe.org\/index.php?rest_route=%2Fwp%2Fv2%2Fcomments&post=1157"}],"version-history":[{"count":1,"href":"https:\/\/confederacionhipicadelcaribe.org\/index.php?rest_route=\/wp\/v2\/posts\/1157\/revisions"}],"predecessor-version":[{"id":1158,"href":"https:\/\/confederacionhipicadelcaribe.org\/index.php?rest_route=\/wp\/v2\/posts\/1157\/revisions\/1158"}],"wp:attachment":[{"href":"https:\/\/confederacionhipicadelcaribe.org\/index.php?rest_route=%2Fwp%2Fv2%2Fmedia&parent=1157"}],"wp:term":[{"taxonomy":"category","embeddable":true,"href":"https:\/\/confederacionhipicadelcaribe.org\/index.php?rest_route=%2Fwp%2Fv2%2Fcategories&post=1157"},{"taxonomy":"post_tag","embeddable":true,"href":"https:\/\/confederacionhipicadelcaribe.org\/index.php?rest_route=%2Fwp%2Fv2%2Ftags&post=1157"}],"curies":[{"name":"wp","href":"https:\/\/api.w.org\/{rel}","templated":true}]}}