{"id":1164,"date":"2016-11-22T14:10:21","date_gmt":"2016-11-22T14:10:21","guid":{"rendered":"http:\/\/confederacionhipicadelcaribe.org\/?p=1164"},"modified":"2016-11-22T14:10:21","modified_gmt":"2016-11-22T14:10:21","slug":"posibles-participantes-por-puerto-rico","status":"publish","type":"post","link":"https:\/\/confederacionhipicadelcaribe.org\/?p=1164","title":{"rendered":"Posibles participantes por Puerto Rico"},"content":{"rendered":"<p>Hasta el momento, estos son los posibles participantes por Puerto Rico en la Serie H\u00edpica del Caribe.<\/p>\n<table>\n<tbody>\n<tr>\n<td width=\"117\">Cl\u00e1sico del Caribe<\/td>\n<td width=\"136\">Exclusivo<\/td>\n<\/tr>\n<tr>\n<td width=\"117\">Cl\u00e1sico del Caribe<\/td>\n<td width=\"136\">Papabryan<\/td>\n<\/tr>\n<tr>\n<td width=\"117\">Cl\u00e1sico del Caribe<\/td>\n<td width=\"136\">El Motivador<\/td>\n<\/tr>\n<tr>\n<td width=\"117\">Cl\u00e1sico del Caribe<\/td>\n<td width=\"136\">Heladero<\/td>\n<\/tr>\n<tr>\n<td width=\"117\">Confraternidad<\/td>\n<td width=\"136\">Don Carlos R<\/td>\n<\/tr>\n<tr>\n<td width=\"117\">Confraternidad<\/td>\n<td width=\"136\">Arquitecto<\/td>\n<\/tr>\n<tr>\n<td width=\"117\">Confraternidad<\/td>\n<td width=\"136\">Registro<\/td>\n<\/tr>\n<tr>\n<td width=\"117\">Invitacional<\/td>\n<td width=\"136\">Deland<\/td>\n<\/tr>\n<tr>\n<td width=\"117\">Invitacional<\/td>\n<td width=\"136\">Tiger of Wales<\/td>\n<\/tr>\n<tr>\n<td width=\"117\">Invitacional<\/td>\n<td width=\"136\">Afleet Acompli<\/td>\n<\/tr>\n<tr>\n<td width=\"117\">Invitacional<\/td>\n<td width=\"136\">Springcourt<\/td>\n<\/tr>\n<tr>\n<td width=\"117\">Velocidad<\/td>\n<td width=\"136\">Concerto Bello<\/td>\n<\/tr>\n<tr>\n<td width=\"117\">Dama del Caribe<\/td>\n<td width=\"136\">Fiesta de Reyes<\/td>\n<\/tr>\n<tr>\n<td width=\"117\">Dama del Caribe<\/td>\n<td width=\"136\">Perfeccionada<\/td>\n<\/tr>\n<tr>\n<td width=\"117\">Dama del Caribe<\/td>\n<td width=\"136\">Linda Lola<\/td>\n<\/tr>\n<tr>\n<td width=\"117\">Dama del Caribe<\/td>\n<td width=\"136\">La Irunesa<\/td>\n<\/tr>\n<\/tbody>\n<\/table>\n<p>Jorge Col\u00f3n Delgado \u00a0&#8211;\u00a0Oficial de Prensa &#8211; 21\/11\/16<\/p>\n","protected":false},"excerpt":{"rendered":"<p>Hasta el momento, estos son los posibles participantes por Puerto Rico en la Serie H\u00edpica del Caribe. Cl\u00e1sico del Caribe Exclusivo Cl\u00e1sico del Caribe Papabryan Cl\u00e1sico del Caribe El Motivador Cl\u00e1sico del Caribe Heladero Confraternidad Don Carlos R Confraternidad Arquitecto &hellip; <a href=\"https:\/\/confederacionhipicadelcaribe.org\/?p=1164\">Sigue leyendo <span class=\"meta-nav\">&rarr;<\/span><\/a><\/p>\n","protected":false},"author":6,"featured_media":0,"comment_status":"closed","ping_status":"open","sticky":false,"template":"","format":"standard","meta":{"footnotes":""},"categories":[11],"tags":[],"class_list":["post-1164","post","type-post","status-publish","format-standard","hentry","category-serie-hipica-del-caribe-2013"],"_links":{"self":[{"href":"https:\/\/confederacionhipicadelcaribe.org\/index.php?rest_route=\/wp\/v2\/posts\/1164","targetHints":{"allow":["GET"]}}],"collection":[{"href":"https:\/\/confederacionhipicadelcaribe.org\/index.php?rest_route=\/wp\/v2\/posts"}],"about":[{"href":"https:\/\/confederacionhipicadelcaribe.org\/index.php?rest_route=\/wp\/v2\/types\/post"}],"author":[{"embeddable":true,"href":"https:\/\/confederacionhipicadelcaribe.org\/index.php?rest_route=\/wp\/v2\/users\/6"}],"replies":[{"embeddable":true,"href":"https:\/\/confederacionhipicadelcaribe.org\/index.php?rest_route=%2Fwp%2Fv2%2Fcomments&post=1164"}],"version-history":[{"count":1,"href":"https:\/\/confederacionhipicadelcaribe.org\/index.php?rest_route=\/wp\/v2\/posts\/1164\/revisions"}],"predecessor-version":[{"id":1165,"href":"https:\/\/confederacionhipicadelcaribe.org\/index.php?rest_route=\/wp\/v2\/posts\/1164\/revisions\/1165"}],"wp:attachment":[{"href":"https:\/\/confederacionhipicadelcaribe.org\/index.php?rest_route=%2Fwp%2Fv2%2Fmedia&parent=1164"}],"wp:term":[{"taxonomy":"category","embeddable":true,"href":"https:\/\/confederacionhipicadelcaribe.org\/index.php?rest_route=%2Fwp%2Fv2%2Fcategories&post=1164"},{"taxonomy":"post_tag","embeddable":true,"href":"https:\/\/confederacionhipicadelcaribe.org\/index.php?rest_route=%2Fwp%2Fv2%2Ftags&post=1164"}],"curies":[{"name":"wp","href":"https:\/\/api.w.org\/{rel}","templated":true}]}}