{"id":1168,"date":"2016-11-24T18:37:04","date_gmt":"2016-11-24T18:37:04","guid":{"rendered":"http:\/\/confederacionhipicadelcaribe.org\/?p=1168"},"modified":"2016-11-24T18:44:50","modified_gmt":"2016-11-24T18:44:50","slug":"camila-ira-en-la-copa-dama-del-caribe","status":"publish","type":"post","link":"https:\/\/confederacionhipicadelcaribe.org\/?p=1168","title":{"rendered":"La ecuatoriana Camila ir\u00e1 en la Copa Dama del Caribe"},"content":{"rendered":"<p><b>E<\/b>l delegado de Ecuador en la Confederaci\u00f3n H\u00edpica del Caribe, Sr. Andr\u00e9s Madero, inform\u00f3 hoy\u00a0 que la potranca Camila estar\u00e1 viajando de Miami a San Juan el lunes 5 de diciembre.<\/p>\n<p>La hija de Big Ten en Camilinha por Iron representar\u00e1 a Ecuador en la Copa Dama del Caribe a celebrarse el pr\u00f3ximo 10 de diciembre en el Hip\u00f3dromo Camarero.<\/p>\n<p>Ecuador compite por segundo a\u00f1o consecutivo en la Serie H\u00edpica del Caribe luego de una ausencia de diez a\u00f1os.\u00a0 En 1999 ganaron la Copa Confraternidad con Se\u00f1orita.<\/p>\n<p>Actuaci\u00f3n de Ecuador en eventos caribe\u00f1os<\/p>\n<table width=\"387\">\n<tbody>\n<tr>\n<td width=\"75\">1985<\/td>\n<td width=\"108\">British Pride<\/td>\n<td width=\"170\">Cl\u00e1sico del Caribe<\/td>\n<td width=\"35\">13\u00b0<\/td>\n<\/tr>\n<tr>\n<td width=\"75\">1986<\/td>\n<td width=\"108\">Profec\u00eda<\/td>\n<td width=\"170\">Cl\u00e1sico del Caribe<\/td>\n<td width=\"35\">12\u00b0<\/td>\n<\/tr>\n<tr>\n<td width=\"75\">1987<\/td>\n<td width=\"108\">Vainglorious<\/td>\n<td width=\"170\">Cl\u00e1sico del Caribe<\/td>\n<td width=\"35\">12\u00b0<\/td>\n<\/tr>\n<tr>\n<td width=\"75\">1998<\/td>\n<td width=\"108\">Se\u00f1orita<\/td>\n<td width=\"170\">Cl\u00e1sico del Caribe<\/td>\n<td width=\"35\">5\u00b0<\/td>\n<\/tr>\n<tr>\n<td width=\"75\">1999<\/td>\n<td width=\"108\">Se\u00f1orita<\/td>\n<td width=\"170\">Copa Confraternidad<\/td>\n<td width=\"35\">1\u00b0<\/td>\n<\/tr>\n<tr>\n<td width=\"75\">2000<\/td>\n<td width=\"108\">El Ni\u00f1o<\/td>\n<td width=\"170\">Cl\u00e1sico del Caribe<\/td>\n<td width=\"35\">10\u00b0<\/td>\n<\/tr>\n<tr>\n<td width=\"75\">2000<\/td>\n<td width=\"108\">Se\u00f1orita<\/td>\n<td width=\"170\">Copa Confraternidad<\/td>\n<td width=\"35\">7\u00b0<\/td>\n<\/tr>\n<tr>\n<td width=\"75\">2001<\/td>\n<td width=\"108\">El Ni\u00f1o<\/td>\n<td width=\"170\">Copa Confraternidad<\/td>\n<td width=\"35\">10\u00b0<\/td>\n<\/tr>\n<tr>\n<td width=\"75\">2004<\/td>\n<td width=\"108\">Pentelicus Dance<\/td>\n<td width=\"170\">Cl\u00e1sico del Caribe<\/td>\n<td width=\"35\">8\u00b0<\/td>\n<\/tr>\n<tr>\n<td width=\"75\">2015<\/td>\n<td width=\"108\">Yo soy Aquel<\/td>\n<td width=\"170\">Cl\u00e1sico del Caribe<\/td>\n<td width=\"35\">10\u00b0<\/td>\n<\/tr>\n<tr>\n<td width=\"75\">2015<\/td>\n<td width=\"108\">Fliquitriqui<\/td>\n<td width=\"170\">Cl\u00e1sico del Caribe<\/td>\n<td width=\"35\">12\u00b0<\/td>\n<\/tr>\n<tr>\n<td width=\"75\">2015<\/td>\n<td width=\"108\">Cardinale<\/td>\n<td width=\"170\">Copa Invitacional del Caribe<\/td>\n<td width=\"35\">7\u00b0<\/td>\n<\/tr>\n<tr>\n<td width=\"75\">2015<\/td>\n<td width=\"108\">Canelazo<\/td>\n<td width=\"170\">Copa Velocidad<\/td>\n<td width=\"35\">4\u00b0<\/td>\n<\/tr>\n<\/tbody>\n<\/table>\n<p>Jorge Col\u00f3n Delgado &#8211;\u00a0Oficial de Prensa &#8211;\u00a024\/11\/16<\/p>\n","protected":false},"excerpt":{"rendered":"<p>El delegado de Ecuador en la Confederaci\u00f3n H\u00edpica del Caribe, Sr. Andr\u00e9s Madero, inform\u00f3 hoy\u00a0 que la potranca Camila estar\u00e1 viajando de Miami a San Juan el lunes 5 de diciembre. La hija de Big Ten en Camilinha por Iron &hellip; <a href=\"https:\/\/confederacionhipicadelcaribe.org\/?p=1168\">Sigue leyendo <span class=\"meta-nav\">&rarr;<\/span><\/a><\/p>\n","protected":false},"author":6,"featured_media":0,"comment_status":"closed","ping_status":"open","sticky":false,"template":"","format":"standard","meta":{"footnotes":""},"categories":[11],"tags":[],"class_list":["post-1168","post","type-post","status-publish","format-standard","hentry","category-serie-hipica-del-caribe-2013"],"_links":{"self":[{"href":"https:\/\/confederacionhipicadelcaribe.org\/index.php?rest_route=\/wp\/v2\/posts\/1168","targetHints":{"allow":["GET"]}}],"collection":[{"href":"https:\/\/confederacionhipicadelcaribe.org\/index.php?rest_route=\/wp\/v2\/posts"}],"about":[{"href":"https:\/\/confederacionhipicadelcaribe.org\/index.php?rest_route=\/wp\/v2\/types\/post"}],"author":[{"embeddable":true,"href":"https:\/\/confederacionhipicadelcaribe.org\/index.php?rest_route=\/wp\/v2\/users\/6"}],"replies":[{"embeddable":true,"href":"https:\/\/confederacionhipicadelcaribe.org\/index.php?rest_route=%2Fwp%2Fv2%2Fcomments&post=1168"}],"version-history":[{"count":3,"href":"https:\/\/confederacionhipicadelcaribe.org\/index.php?rest_route=\/wp\/v2\/posts\/1168\/revisions"}],"predecessor-version":[{"id":1171,"href":"https:\/\/confederacionhipicadelcaribe.org\/index.php?rest_route=\/wp\/v2\/posts\/1168\/revisions\/1171"}],"wp:attachment":[{"href":"https:\/\/confederacionhipicadelcaribe.org\/index.php?rest_route=%2Fwp%2Fv2%2Fmedia&parent=1168"}],"wp:term":[{"taxonomy":"category","embeddable":true,"href":"https:\/\/confederacionhipicadelcaribe.org\/index.php?rest_route=%2Fwp%2Fv2%2Fcategories&post=1168"},{"taxonomy":"post_tag","embeddable":true,"href":"https:\/\/confederacionhipicadelcaribe.org\/index.php?rest_route=%2Fwp%2Fv2%2Ftags&post=1168"}],"curies":[{"name":"wp","href":"https:\/\/api.w.org\/{rel}","templated":true}]}}