{"id":1204,"date":"2016-12-02T14:36:54","date_gmt":"2016-12-02T14:36:54","guid":{"rendered":"http:\/\/confederacionhipicadelcaribe.org\/?p=1204"},"modified":"2016-12-02T14:36:54","modified_gmt":"2016-12-02T14:36:54","slug":"impecable-correra-en-la-copa-dama-del-caribe","status":"publish","type":"post","link":"https:\/\/confederacionhipicadelcaribe.org\/?p=1204","title":{"rendered":"IMPECABLE CORRER\u00c1 EN LA COPA DAMA DEL CARIBE"},"content":{"rendered":"<p>La potranca dominicana Impecable, que estaba se\u00f1alada para participar en el Cl\u00e1sico del Caribe, fue inscrita ayer en la Copa Dama del Caribe tras pagar la nominaci\u00f3n correspondiente.<\/p>\n<p>As\u00ed queda la carrera que se celebrar\u00e1 el s\u00e1bado, 10 de diciembre, a la distancia de 1m 1\/16.<\/p>\n<table width=\"258\">\n<tbody>\n<tr>\n<td width=\"149\"><\/td>\n<td width=\"108\"><\/td>\n<\/tr>\n<tr>\n<td width=\"149\">Ecuador<\/td>\n<td width=\"108\">Camila<\/td>\n<\/tr>\n<tr>\n<td width=\"149\">Panam\u00e1<\/td>\n<td width=\"108\">Lady Rose<\/td>\n<\/tr>\n<tr>\n<td width=\"149\">Panam\u00e1<\/td>\n<td width=\"108\">La An\u00f3nima<\/td>\n<\/tr>\n<tr>\n<td width=\"149\">Puerto Rico<\/td>\n<td width=\"108\">Linda Lola<\/td>\n<\/tr>\n<tr>\n<td width=\"149\">Puerto Rico<\/td>\n<td width=\"108\">La Irunesa<\/td>\n<\/tr>\n<tr>\n<td width=\"149\">Puerto Rico<\/td>\n<td width=\"108\">Fiesta de Reyes<\/td>\n<\/tr>\n<tr>\n<td width=\"149\">Puerto Rico<\/td>\n<td width=\"108\">Perfeccionada<\/td>\n<\/tr>\n<tr>\n<td width=\"149\">Rep\u00fablica Dominicana<\/td>\n<td width=\"108\">Impecable<\/td>\n<\/tr>\n<tr>\n<td width=\"149\"><\/td>\n<td width=\"108\"><\/td>\n<\/tr>\n<\/tbody>\n<\/table>\n<p>De las arriba mencionadas, solo falta por llegar a Puerto Rico la representante de Ecuador, Camila, quien estar\u00e1 arribando el pr\u00f3ximo 5 de diciembre.<\/p>\n<p>Jorge Col\u00f3n Delgado &#8211; Oficial de Prensa &#8211; 29\/11\/16<\/p>\n","protected":false},"excerpt":{"rendered":"<p>La potranca dominicana Impecable, que estaba se\u00f1alada para participar en el Cl\u00e1sico del Caribe, fue inscrita ayer en la Copa Dama del Caribe tras pagar la nominaci\u00f3n correspondiente. As\u00ed queda la carrera que se celebrar\u00e1 el s\u00e1bado, 10 de diciembre, &hellip; <a href=\"https:\/\/confederacionhipicadelcaribe.org\/?p=1204\">Sigue leyendo <span class=\"meta-nav\">&rarr;<\/span><\/a><\/p>\n","protected":false},"author":6,"featured_media":0,"comment_status":"closed","ping_status":"open","sticky":false,"template":"","format":"standard","meta":{"footnotes":""},"categories":[11],"tags":[],"class_list":["post-1204","post","type-post","status-publish","format-standard","hentry","category-serie-hipica-del-caribe-2013"],"_links":{"self":[{"href":"https:\/\/confederacionhipicadelcaribe.org\/index.php?rest_route=\/wp\/v2\/posts\/1204","targetHints":{"allow":["GET"]}}],"collection":[{"href":"https:\/\/confederacionhipicadelcaribe.org\/index.php?rest_route=\/wp\/v2\/posts"}],"about":[{"href":"https:\/\/confederacionhipicadelcaribe.org\/index.php?rest_route=\/wp\/v2\/types\/post"}],"author":[{"embeddable":true,"href":"https:\/\/confederacionhipicadelcaribe.org\/index.php?rest_route=\/wp\/v2\/users\/6"}],"replies":[{"embeddable":true,"href":"https:\/\/confederacionhipicadelcaribe.org\/index.php?rest_route=%2Fwp%2Fv2%2Fcomments&post=1204"}],"version-history":[{"count":1,"href":"https:\/\/confederacionhipicadelcaribe.org\/index.php?rest_route=\/wp\/v2\/posts\/1204\/revisions"}],"predecessor-version":[{"id":1205,"href":"https:\/\/confederacionhipicadelcaribe.org\/index.php?rest_route=\/wp\/v2\/posts\/1204\/revisions\/1205"}],"wp:attachment":[{"href":"https:\/\/confederacionhipicadelcaribe.org\/index.php?rest_route=%2Fwp%2Fv2%2Fmedia&parent=1204"}],"wp:term":[{"taxonomy":"category","embeddable":true,"href":"https:\/\/confederacionhipicadelcaribe.org\/index.php?rest_route=%2Fwp%2Fv2%2Fcategories&post=1204"},{"taxonomy":"post_tag","embeddable":true,"href":"https:\/\/confederacionhipicadelcaribe.org\/index.php?rest_route=%2Fwp%2Fv2%2Ftags&post=1204"}],"curies":[{"name":"wp","href":"https:\/\/api.w.org\/{rel}","templated":true}]}}