{"id":1240,"date":"2016-12-07T02:43:44","date_gmt":"2016-12-07T02:43:44","guid":{"rendered":"http:\/\/confederacionhipicadelcaribe.org\/?p=1240"},"modified":"2016-12-07T02:43:44","modified_gmt":"2016-12-07T02:43:44","slug":"javier-santiago-montara-a-camila","status":"publish","type":"post","link":"https:\/\/confederacionhipicadelcaribe.org\/?p=1240","title":{"rendered":"Javier Santiago montar\u00e1 a Camila"},"content":{"rendered":"<p><a href=\"http:\/\/confederacionhipicadelcaribe.org\/wp-content\/uploads\/2016\/12\/javier.jpg\"><img loading=\"lazy\" decoding=\"async\" class=\"size-medium wp-image-1241 aligncenter\" src=\"http:\/\/confederacionhipicadelcaribe.org\/wp-content\/uploads\/2016\/12\/javier-233x300.jpg\" alt=\"javier\" width=\"233\" height=\"300\" srcset=\"https:\/\/confederacionhipicadelcaribe.org\/wp-content\/uploads\/2016\/12\/javier-233x300.jpg 233w, https:\/\/confederacionhipicadelcaribe.org\/wp-content\/uploads\/2016\/12\/javier.jpg 295w\" sizes=\"auto, (max-width: 233px) 100vw, 233px\" \/><\/a><\/p>\n<p>El estelar Javier Santiago, ser\u00e1 el jinete de Camila en la Copa Dama del Caribe a celebrarse el 10 de diciembre en el Hip\u00f3dromo Camarero.\u00a0 As\u00ed lo inform\u00f3 hoy el Delegado de Ecuador, Andr\u00e9s Madero.\u00a0 La hija del chileno Big Ten en la peruana Camilinha, arrib\u00f3 esta madrugada a Puerto Rico procedente de Miami.<\/p>\n<p>La primera participaci\u00f3n de Ecuador en eventos caribe\u00f1os fue en el Cl\u00e1sico del Caribe de1985 con British Pride, arribando en la decimotercera posici\u00f3n.\u00a0 Su \u00fanica victoria fue en 1999 con Se\u00f1orita en la Copa Confraternidad.<\/p>\n<p>Por su parte, Santiago, quien es uno de los mejores jinetes de Puerto Rico, tiene un triunfo caribe\u00f1o con Portentoso en la Copa Velocidad de 2004.<\/p>\n<p>Jorge Col\u00f3n Delgado &#8211;\u00a0Oficial de Prensa &#8211;\u00a06\/12\/16<\/p>\n","protected":false},"excerpt":{"rendered":"<p>El estelar Javier Santiago, ser\u00e1 el jinete de Camila en la Copa Dama del Caribe a celebrarse el 10 de diciembre en el Hip\u00f3dromo Camarero.\u00a0 As\u00ed lo inform\u00f3 hoy el Delegado de Ecuador, Andr\u00e9s Madero.\u00a0 La hija del chileno Big &hellip; <a href=\"https:\/\/confederacionhipicadelcaribe.org\/?p=1240\">Sigue leyendo <span class=\"meta-nav\">&rarr;<\/span><\/a><\/p>\n","protected":false},"author":6,"featured_media":0,"comment_status":"closed","ping_status":"open","sticky":false,"template":"","format":"standard","meta":{"footnotes":""},"categories":[11],"tags":[],"class_list":["post-1240","post","type-post","status-publish","format-standard","hentry","category-serie-hipica-del-caribe-2013"],"_links":{"self":[{"href":"https:\/\/confederacionhipicadelcaribe.org\/index.php?rest_route=\/wp\/v2\/posts\/1240","targetHints":{"allow":["GET"]}}],"collection":[{"href":"https:\/\/confederacionhipicadelcaribe.org\/index.php?rest_route=\/wp\/v2\/posts"}],"about":[{"href":"https:\/\/confederacionhipicadelcaribe.org\/index.php?rest_route=\/wp\/v2\/types\/post"}],"author":[{"embeddable":true,"href":"https:\/\/confederacionhipicadelcaribe.org\/index.php?rest_route=\/wp\/v2\/users\/6"}],"replies":[{"embeddable":true,"href":"https:\/\/confederacionhipicadelcaribe.org\/index.php?rest_route=%2Fwp%2Fv2%2Fcomments&post=1240"}],"version-history":[{"count":1,"href":"https:\/\/confederacionhipicadelcaribe.org\/index.php?rest_route=\/wp\/v2\/posts\/1240\/revisions"}],"predecessor-version":[{"id":1242,"href":"https:\/\/confederacionhipicadelcaribe.org\/index.php?rest_route=\/wp\/v2\/posts\/1240\/revisions\/1242"}],"wp:attachment":[{"href":"https:\/\/confederacionhipicadelcaribe.org\/index.php?rest_route=%2Fwp%2Fv2%2Fmedia&parent=1240"}],"wp:term":[{"taxonomy":"category","embeddable":true,"href":"https:\/\/confederacionhipicadelcaribe.org\/index.php?rest_route=%2Fwp%2Fv2%2Fcategories&post=1240"},{"taxonomy":"post_tag","embeddable":true,"href":"https:\/\/confederacionhipicadelcaribe.org\/index.php?rest_route=%2Fwp%2Fv2%2Ftags&post=1240"}],"curies":[{"name":"wp","href":"https:\/\/api.w.org\/{rel}","templated":true}]}}