{"id":1286,"date":"2017-07-21T03:58:53","date_gmt":"2017-07-21T03:58:53","guid":{"rendered":"http:\/\/confederacionhipicadelcaribe.org\/?p=1286"},"modified":"2017-07-21T04:02:40","modified_gmt":"2017-07-21T04:02:40","slug":"reunion-del-comite-organizador-de-la-serie-hipica-del-caribe-con-la-confederacion-hipica-del-caribe","status":"publish","type":"post","link":"https:\/\/confederacionhipicadelcaribe.org\/?p=1286","title":{"rendered":"Reuni\u00f3n del Comit\u00e9 Organizador de la Serie H\u00edpica del Caribe con la Confederaci\u00f3n H\u00edpica del Caribe."},"content":{"rendered":"<p><a href=\"http:\/\/confederacionhipicadelcaribe.org\/wp-content\/uploads\/2017\/07\/REUNION-GULFSTREAM.jpg\"><img loading=\"lazy\" decoding=\"async\" class=\"aligncenter wp-image-1287 size-full\" src=\"http:\/\/confederacionhipicadelcaribe.org\/wp-content\/uploads\/2017\/07\/REUNION-GULFSTREAM.jpg\" alt=\"REUNION GULFSTREAM\" width=\"526\" height=\"392\" srcset=\"https:\/\/confederacionhipicadelcaribe.org\/wp-content\/uploads\/2017\/07\/REUNION-GULFSTREAM.jpg 526w, https:\/\/confederacionhipicadelcaribe.org\/wp-content\/uploads\/2017\/07\/REUNION-GULFSTREAM-300x223.jpg 300w, https:\/\/confederacionhipicadelcaribe.org\/wp-content\/uploads\/2017\/07\/REUNION-GULFSTREAM-402x300.jpg 402w\" sizes=\"auto, (max-width: 526px) 100vw, 526px\" \/><\/a><\/p>\n<hr \/>\n<p>El pasado viernes se llev\u00f3 a cabo en Gulfstream Park la tercera reuni\u00f3n del Comit\u00e9 Organizador de la Serie H\u00edpica del Caribe 2017 encabezada por PJ Campo, VP of Racing de Gulfstream Park y compuesta por Jennifer Vitrella, Supervisor de Eventos y Catering, Lyda Giraldo, Asistente Administrativa, Joe Beja, Director de Alimentos y Bebidas, Michael Nyman, Director de Mercadeo, Rose Martinez, Especialista en Eventos, David Joseph, Vicepresidente de Comunicaciones y Relaciones P\u00fablicas, Jaquie Basha, Directora Corporativa de Sponsors y Desarrollo de Negocios, Roderick Baldwin, Director de Seguridad y el Dr. Robert O\u00b4Neil, Director de Salud y Seguridad Equina del Grupo Stronach y en esta ocasi\u00f3n cont\u00f3 con la presencia de Juan Carlos Feijo\u00f3, Oficial de Prensa de la Confederaci\u00f3n H\u00edpica del Caribe, representante de la Junta Directiva en las reuniones operativas del evento que se llevar\u00e1 a cabo el pr\u00f3ximo 9 de diciembre en el mencionado hip\u00f3dromo ubicado al norte de la ciudad de Miami.<\/p>\n<p>\u201cEl compromiso y entusiasmo mostrado por todos los componentes del comit\u00e9 organizador hablan a las claras de la intenci\u00f3n que tiene la organizaci\u00f3n Stronach en que la Serie H\u00edpica del Caribe sea un \u00e9xito rotundo a finales de este a\u00f1o\u201d indic\u00f3 Feijo\u00f3 quien adem\u00e1s destac\u00f3 las estrategias de captaci\u00f3n de nueva afici\u00f3n implementada con total \u00e9xito por el departamento de mercadeo que encabeza Michael Nyman y que en poco tiempo ha posicionando a Gulfstream Park en el tercer lugar como punto preferido de entretenimiento en la ciudad de Miami solo por detr\u00e1s del Hard Rock Caf\u00e9 Stadium, que es sede de los Delfines en la NFL y el American Airlines Arena que adem\u00e1s de ser la sede de los Heats, es un recito de conciertos de primer nivel.<\/p>\n<h4 style=\"text-align: left\"><\/h4>\n<h4 style=\"text-align: left\">\u201cLos detalles de cuarentena y manejo del personal de cuadra tambi\u00e9n fue abordado por el Dr. O\u00b4Neil, con quien visit\u00e9 la cuadras para la cuarentena, ubicadas en la zona sur del hip\u00f3dromo, en terrenos que colindan con la primera curva\u201d destac\u00f3 Feijo\u00f3.<\/h4>\n<p>&nbsp;<\/p>\n<h4 style=\"text-align: left\">La pr\u00f3xima reuni\u00f3n entre el Comit\u00e9 Organizador de la SHC 2017 y la Confederaci\u00f3n H\u00edpica del Caribe se llevar\u00e1 a cabo en Cap Cana tras la Asamblea de Medio A\u00f1o de la Confederaci\u00f3n en donde PJ Campo, Jennifer Vitrella y el Dr. O\u00b4Neil har\u00e1n la presentaci\u00f3n formal de Gulfstream Park como la sede el pr\u00f3ximo 9 de diciembre.<\/h4>\n","protected":false},"excerpt":{"rendered":"<p>El pasado viernes se llev\u00f3 a cabo en Gulfstream Park la tercera reuni\u00f3n del Comit\u00e9 Organizador de la Serie H\u00edpica del Caribe 2017 encabezada por PJ Campo, VP of Racing de Gulfstream Park y compuesta por Jennifer Vitrella, Supervisor de &hellip; <a href=\"https:\/\/confederacionhipicadelcaribe.org\/?p=1286\">Sigue leyendo <span class=\"meta-nav\">&rarr;<\/span><\/a><\/p>\n","protected":false},"author":6,"featured_media":0,"comment_status":"closed","ping_status":"open","sticky":false,"template":"","format":"standard","meta":{"footnotes":""},"categories":[11],"tags":[],"class_list":["post-1286","post","type-post","status-publish","format-standard","hentry","category-serie-hipica-del-caribe-2013"],"_links":{"self":[{"href":"https:\/\/confederacionhipicadelcaribe.org\/index.php?rest_route=\/wp\/v2\/posts\/1286","targetHints":{"allow":["GET"]}}],"collection":[{"href":"https:\/\/confederacionhipicadelcaribe.org\/index.php?rest_route=\/wp\/v2\/posts"}],"about":[{"href":"https:\/\/confederacionhipicadelcaribe.org\/index.php?rest_route=\/wp\/v2\/types\/post"}],"author":[{"embeddable":true,"href":"https:\/\/confederacionhipicadelcaribe.org\/index.php?rest_route=\/wp\/v2\/users\/6"}],"replies":[{"embeddable":true,"href":"https:\/\/confederacionhipicadelcaribe.org\/index.php?rest_route=%2Fwp%2Fv2%2Fcomments&post=1286"}],"version-history":[{"count":4,"href":"https:\/\/confederacionhipicadelcaribe.org\/index.php?rest_route=\/wp\/v2\/posts\/1286\/revisions"}],"predecessor-version":[{"id":1291,"href":"https:\/\/confederacionhipicadelcaribe.org\/index.php?rest_route=\/wp\/v2\/posts\/1286\/revisions\/1291"}],"wp:attachment":[{"href":"https:\/\/confederacionhipicadelcaribe.org\/index.php?rest_route=%2Fwp%2Fv2%2Fmedia&parent=1286"}],"wp:term":[{"taxonomy":"category","embeddable":true,"href":"https:\/\/confederacionhipicadelcaribe.org\/index.php?rest_route=%2Fwp%2Fv2%2Fcategories&post=1286"},{"taxonomy":"post_tag","embeddable":true,"href":"https:\/\/confederacionhipicadelcaribe.org\/index.php?rest_route=%2Fwp%2Fv2%2Ftags&post=1286"}],"curies":[{"name":"wp","href":"https:\/\/api.w.org\/{rel}","templated":true}]}}