{"id":1314,"date":"2017-11-28T22:16:59","date_gmt":"2017-11-28T22:16:59","guid":{"rendered":"http:\/\/confederacionhipicadelcaribe.org\/?p=1314"},"modified":"2017-11-28T22:21:59","modified_gmt":"2017-11-28T22:21:59","slug":"1314","status":"publish","type":"post","link":"https:\/\/confederacionhipicadelcaribe.org\/?p=1314","title":{"rendered":"Frank Stronach recibir\u00e1 homenaje en la Serie H\u00edpica del Caribe 2017"},"content":{"rendered":"<p>En el marco de la celebraci\u00f3n de la XV Serie H\u00edpica del Caribe a disputarse el pr\u00f3ximo 9 de diciembre en el hip\u00f3dromo Gulfstream Park, ubicado en Hallandale, Florida, las Autoridades de la Confederaci\u00f3n H\u00edpica del Caribe (C.H.C.) informan que el homenajeado en la Copa Confraternidad del Caribe ser\u00e1:<\/p>\n<p style=\"text-align: center\"><a href=\"http:\/\/confederacionhipicadelcaribe.org\/wp-content\/uploads\/2017\/11\/frankstronach.jpg\"><img loading=\"lazy\" decoding=\"async\" class=\"alignnone size-medium wp-image-1315\" src=\"http:\/\/confederacionhipicadelcaribe.org\/wp-content\/uploads\/2017\/11\/frankstronach-255x300.jpg\" alt=\"frankstronach\" width=\"255\" height=\"300\" srcset=\"https:\/\/confederacionhipicadelcaribe.org\/wp-content\/uploads\/2017\/11\/frankstronach-255x300.jpg 255w, https:\/\/confederacionhipicadelcaribe.org\/wp-content\/uploads\/2017\/11\/frankstronach.jpg 345w\" sizes=\"auto, (max-width: 255px) 100vw, 255px\" \/><\/a><\/p>\n<p><strong>Mr. FRANK STRONACH<\/strong><strong>,<\/strong> Fundador y Presidente Honorario del Grupo Stronach.<\/p>\n<p>As\u00ed mismo, se anuncia a los siguientes oferentes de los trofeos a los ganadores de las selectivas de la Serie H\u00edpica del Caribe 2017:<\/p>\n<p><a href=\"http:\/\/confederacionhipicadelcaribe.org\/wp-content\/uploads\/2017\/11\/hugo.jpg\"><img loading=\"lazy\" decoding=\"async\" class=\"wp-image-1320 size-thumbnail aligncenter\" src=\"http:\/\/confederacionhipicadelcaribe.org\/wp-content\/uploads\/2017\/11\/hugo-150x150.jpg\" alt=\"hugo\" width=\"150\" height=\"150\" \/><\/a><\/p>\n<p><strong>Cl\u00e1sico del Caribe:\u00a0<\/strong><strong>Dr. Hugo Albarr\u00e1n<\/strong>, Presidente C.H.C.<\/p>\n<p style=\"text-align: center\"><a href=\"http:\/\/confederacionhipicadelcaribe.org\/wp-content\/uploads\/2017\/11\/jennifer.jpg\"><img loading=\"lazy\" decoding=\"async\" class=\"alignnone wp-image-1318 size-thumbnail\" src=\"http:\/\/confederacionhipicadelcaribe.org\/wp-content\/uploads\/2017\/11\/jennifer-150x150.jpg\" alt=\"jennifer\" width=\"150\" height=\"150\" \/><\/a><\/p>\n<p><strong>Copa Dama del Caribe:\u00a0<\/strong><strong>Ms. Jennifer Vitrella, <\/strong>Director of Racing Events The Stronach Group<\/p>\n<p><a href=\"http:\/\/confederacionhipicadelcaribe.org\/wp-content\/uploads\/2017\/11\/mike-rogers.png\"><img loading=\"lazy\" decoding=\"async\" class=\"alignnone size-full wp-image-1316\" src=\"http:\/\/confederacionhipicadelcaribe.org\/wp-content\/uploads\/2017\/11\/mike-rogers.png\" alt=\"mike-rogers\" width=\"213\" height=\"135\" \/><\/a>\u00a0<a href=\"http:\/\/confederacionhipicadelcaribe.org\/wp-content\/uploads\/2017\/11\/tim-ritvo.png\"><img loading=\"lazy\" decoding=\"async\" class=\"alignnone size-full wp-image-1317\" src=\"http:\/\/confederacionhipicadelcaribe.org\/wp-content\/uploads\/2017\/11\/tim-ritvo.png\" alt=\"tim-ritvo\" width=\"213\" height=\"135\" \/><\/a><\/p>\n<p><strong>Copa Velocidad del Caribe;\u00a0<\/strong><strong>Mr. Mike Rogers,<\/strong> CEO The Stronach Group &amp;\u00a0<strong>Mr. Tim Ritvo,<\/strong> COO The Stronach Group<\/p>\n<p style=\"text-align: center\"><a href=\"http:\/\/confederacionhipicadelcaribe.org\/wp-content\/uploads\/2017\/11\/tomthumbury.jpg\"><img loading=\"lazy\" decoding=\"async\" class=\"alignnone wp-image-1319 size-thumbnail\" src=\"http:\/\/confederacionhipicadelcaribe.org\/wp-content\/uploads\/2017\/11\/tomthumbury-150x150.jpg\" alt=\"tomthumbury\" width=\"150\" height=\"150\" \/><\/a><\/p>\n<p><strong>Copa Invitacional:\u00a0<\/strong><strong>Mr. Tom Thornbury,<\/strong> Director Asociado Keeneland<\/p>\n","protected":false},"excerpt":{"rendered":"<p>En el marco de la celebraci\u00f3n de la XV Serie H\u00edpica del Caribe a disputarse el pr\u00f3ximo 9 de diciembre en el hip\u00f3dromo Gulfstream Park, ubicado en Hallandale, Florida, las Autoridades de la Confederaci\u00f3n H\u00edpica del Caribe (C.H.C.) informan que &hellip; <a href=\"https:\/\/confederacionhipicadelcaribe.org\/?p=1314\">Sigue leyendo <span class=\"meta-nav\">&rarr;<\/span><\/a><\/p>\n","protected":false},"author":6,"featured_media":0,"comment_status":"closed","ping_status":"open","sticky":false,"template":"","format":"standard","meta":{"footnotes":""},"categories":[11],"tags":[],"class_list":["post-1314","post","type-post","status-publish","format-standard","hentry","category-serie-hipica-del-caribe-2013"],"_links":{"self":[{"href":"https:\/\/confederacionhipicadelcaribe.org\/index.php?rest_route=\/wp\/v2\/posts\/1314","targetHints":{"allow":["GET"]}}],"collection":[{"href":"https:\/\/confederacionhipicadelcaribe.org\/index.php?rest_route=\/wp\/v2\/posts"}],"about":[{"href":"https:\/\/confederacionhipicadelcaribe.org\/index.php?rest_route=\/wp\/v2\/types\/post"}],"author":[{"embeddable":true,"href":"https:\/\/confederacionhipicadelcaribe.org\/index.php?rest_route=\/wp\/v2\/users\/6"}],"replies":[{"embeddable":true,"href":"https:\/\/confederacionhipicadelcaribe.org\/index.php?rest_route=%2Fwp%2Fv2%2Fcomments&post=1314"}],"version-history":[{"count":4,"href":"https:\/\/confederacionhipicadelcaribe.org\/index.php?rest_route=\/wp\/v2\/posts\/1314\/revisions"}],"predecessor-version":[{"id":1324,"href":"https:\/\/confederacionhipicadelcaribe.org\/index.php?rest_route=\/wp\/v2\/posts\/1314\/revisions\/1324"}],"wp:attachment":[{"href":"https:\/\/confederacionhipicadelcaribe.org\/index.php?rest_route=%2Fwp%2Fv2%2Fmedia&parent=1314"}],"wp:term":[{"taxonomy":"category","embeddable":true,"href":"https:\/\/confederacionhipicadelcaribe.org\/index.php?rest_route=%2Fwp%2Fv2%2Fcategories&post=1314"},{"taxonomy":"post_tag","embeddable":true,"href":"https:\/\/confederacionhipicadelcaribe.org\/index.php?rest_route=%2Fwp%2Fv2%2Ftags&post=1314"}],"curies":[{"name":"wp","href":"https:\/\/api.w.org\/{rel}","templated":true}]}}