{"id":1454,"date":"2019-02-25T02:04:48","date_gmt":"2019-02-25T02:04:48","guid":{"rendered":"http:\/\/confederacionhipicadelcaribe.org\/?p=1454"},"modified":"2019-02-26T01:38:21","modified_gmt":"2019-02-26T01:38:21","slug":"obituario-ha-fallecido-enrique-ubarri","status":"publish","type":"post","link":"https:\/\/confederacionhipicadelcaribe.org\/?p=1454","title":{"rendered":"OBITUARIO: Ha fallecido Enrique Ubarri."},"content":{"rendered":"<p style=\"text-align: center\">La Confederaci\u00f3n H\u00edpica Del Caribe y su Junta de Directores se unen a la pena que embarga a la familia Ubarri-Baraga\u00f1o ante el fallecimiento de nuestro pasado presidente,<\/p>\n<h4 style=\"text-align: center\">\u00a0<strong>Enrique Ubarri Blanes<\/strong><\/h4>\n<p style=\"text-align: center\">Sus contribuciones en beneficio del deporte h\u00edpico en Puerto Rico trascendieron hacia el hipismo caribe\u00f1o, del que fue un distinguido colaborador especialmente con el Cl\u00e1sico Internacional del Caribe.<\/p>\n<p style=\"text-align: center\">Ubarri Blanes, quien presidi\u00f3 nuestra entidad en 1976 y 1977, fue fiel defensor de la crianza caballar nativa en su pa\u00eds y digno ejemplo a seguir por su gran deportismo y amor hacia lo que fue una de sus m\u00e1s grandes pasiones durante toda su vida.<\/p>\n<p style=\"text-align: center\">Es un baluarte que marc\u00f3 una era importante en el desarrollo de la industria h\u00edpica. Hoy nos entristece su partida mientras reconocemos sus encomiables aportaciones.<\/p>\n<p style=\"text-align: center\">Por sus ejecutorias en beneficio del deporte h\u00edpico es miembro del Sal\u00f3n De La Fama Del Hipismo Puertorrique\u00f1o, Sal\u00f3n De La Fama Del Deporte Riopedrense y Sal\u00f3n De La Fama Del Cl\u00e1sico Internacional Del Caribe.<\/p>\n<p style=\"text-align: center\">Elevamos una oraci\u00f3n por su eterno descanso y fortaleza para su familia y allegados ante su partida.<\/p>\n<p style=\"text-align: center\">Hugo Albarr\u00e1n<\/p>\n<p style=\"text-align: center\">Presidente<\/p>\n<p style=\"text-align: center\">Alberto Paz Rodr\u00edguez<\/p>\n<p style=\"text-align: center\">Vicepresidente<\/p>\n<p style=\"text-align: center\">Jos\u00e9 Zaj\u00eda<\/p>\n<p style=\"text-align: center\">Secretario<\/p>\n","protected":false},"excerpt":{"rendered":"<p>La Confederaci\u00f3n H\u00edpica Del Caribe y su Junta de Directores se unen a la pena que embarga a la familia Ubarri-Baraga\u00f1o ante el fallecimiento de nuestro pasado presidente, \u00a0Enrique Ubarri Blanes Sus contribuciones en beneficio del deporte h\u00edpico en Puerto &hellip; <a href=\"https:\/\/confederacionhipicadelcaribe.org\/?p=1454\">Sigue leyendo <span class=\"meta-nav\">&rarr;<\/span><\/a><\/p>\n","protected":false},"author":6,"featured_media":0,"comment_status":"closed","ping_status":"open","sticky":false,"template":"","format":"standard","meta":{"footnotes":""},"categories":[11],"tags":[],"class_list":["post-1454","post","type-post","status-publish","format-standard","hentry","category-serie-hipica-del-caribe-2013"],"_links":{"self":[{"href":"https:\/\/confederacionhipicadelcaribe.org\/index.php?rest_route=\/wp\/v2\/posts\/1454","targetHints":{"allow":["GET"]}}],"collection":[{"href":"https:\/\/confederacionhipicadelcaribe.org\/index.php?rest_route=\/wp\/v2\/posts"}],"about":[{"href":"https:\/\/confederacionhipicadelcaribe.org\/index.php?rest_route=\/wp\/v2\/types\/post"}],"author":[{"embeddable":true,"href":"https:\/\/confederacionhipicadelcaribe.org\/index.php?rest_route=\/wp\/v2\/users\/6"}],"replies":[{"embeddable":true,"href":"https:\/\/confederacionhipicadelcaribe.org\/index.php?rest_route=%2Fwp%2Fv2%2Fcomments&post=1454"}],"version-history":[{"count":3,"href":"https:\/\/confederacionhipicadelcaribe.org\/index.php?rest_route=\/wp\/v2\/posts\/1454\/revisions"}],"predecessor-version":[{"id":1457,"href":"https:\/\/confederacionhipicadelcaribe.org\/index.php?rest_route=\/wp\/v2\/posts\/1454\/revisions\/1457"}],"wp:attachment":[{"href":"https:\/\/confederacionhipicadelcaribe.org\/index.php?rest_route=%2Fwp%2Fv2%2Fmedia&parent=1454"}],"wp:term":[{"taxonomy":"category","embeddable":true,"href":"https:\/\/confederacionhipicadelcaribe.org\/index.php?rest_route=%2Fwp%2Fv2%2Fcategories&post=1454"},{"taxonomy":"post_tag","embeddable":true,"href":"https:\/\/confederacionhipicadelcaribe.org\/index.php?rest_route=%2Fwp%2Fv2%2Ftags&post=1454"}],"curies":[{"name":"wp","href":"https:\/\/api.w.org\/{rel}","templated":true}]}}