{"id":1483,"date":"2019-06-13T18:39:27","date_gmt":"2019-06-13T18:39:27","guid":{"rendered":"http:\/\/confederacionhipicadelcaribe.org\/?p=1483"},"modified":"2019-06-13T18:39:27","modified_gmt":"2019-06-13T18:39:27","slug":"gulfstream-park-repite-como-sede-en-la-serie-hipica-2019","status":"publish","type":"post","link":"https:\/\/confederacionhipicadelcaribe.org\/?p=1483","title":{"rendered":"GULFSTREAM  PARK REPITE COMO SEDE  EN LA SERIE H\u00cdPICA 2019"},"content":{"rendered":"<p><strong><a href=\"http:\/\/confederacionhipicadelcaribe.org\/wp-content\/uploads\/2019\/06\/Gulfstream-Park.jpg\"><img loading=\"lazy\" decoding=\"async\" class=\"aligncenter wp-image-1484 size-full\" src=\"http:\/\/confederacionhipicadelcaribe.org\/wp-content\/uploads\/2019\/06\/Gulfstream-Park.jpg\" alt=\"Gulfstream-Park\" width=\"1200\" height=\"675\" srcset=\"https:\/\/confederacionhipicadelcaribe.org\/wp-content\/uploads\/2019\/06\/Gulfstream-Park.jpg 1200w, https:\/\/confederacionhipicadelcaribe.org\/wp-content\/uploads\/2019\/06\/Gulfstream-Park-300x168.jpg 300w, https:\/\/confederacionhipicadelcaribe.org\/wp-content\/uploads\/2019\/06\/Gulfstream-Park-1024x576.jpg 1024w, https:\/\/confederacionhipicadelcaribe.org\/wp-content\/uploads\/2019\/06\/Gulfstream-Park-500x281.jpg 500w\" sizes=\"auto, (max-width: 1200px) 100vw, 1200px\" \/><\/a>Ciudad de Nueva York<\/strong> &#8211; La Serie H\u00edpica Del Caribe, evento que re\u00fane los mejores ejemplares de carreras de distintas categor\u00edas nacidos en diferentes pa\u00edses caribe\u00f1os, regresa al hip\u00f3dromo Gulfstream Park, en la Florida, para su edici\u00f3n de este a\u00f1o.<\/p>\n<p>La fecha del evento qued\u00f3 establecida para el domingo 8 de diciembre.<\/p>\n<p>As\u00ed se confirm\u00f3 en la Asamblea de Medio A\u00f1o de la Confederaci\u00f3n H\u00edpica Del Caribe (CHC) efectuada el viernes en la ciudad de Nueva York.<\/p>\n<p>En la reuni\u00f3n que la CHC celebr\u00f3 en diciembre pasado en Gulfstream Park, la gerencia de Hip\u00f3dromo Camarero, de Puerto Rico, propuso presentar el evento para la edici\u00f3n de este a\u00f1o.<\/p>\n<p>Pero, un retraso en las reparaciones de las instalaciones del hip\u00f3dromo por los problemas estructurales causados por el paso del hurac\u00e1n Mar\u00eda el 20 de septiembre de 2017, llevaron a que Hip\u00f3dromo Camarero desistiera de su intenci\u00f3n.<\/p>\n<p>Hugo Albarr\u00e1n, presidente de la CHC, ley\u00f3 comunicaci\u00f3n enviada por Ervin Rodr\u00edguez, presidente de Hip\u00f3dromo Camarero, en la que se da a conocer el motivo por el que no podr\u00e1 ser presentado el evento este a\u00f1o en la Isla.<\/p>\n<p>\u00abLos planes que ten\u00eda Camarero para celebrar el Cl\u00e1sico Del Caribe en Puerto Rico este a\u00f1o no podr\u00e1n realizarse debido a la demora de las compa\u00f1\u00edas de seguros en pagar nuestra reclamaci\u00f3n y la dilaci\u00f3n en entregar las propuestas de parte de las compa\u00f1\u00edas seleccionadas para hacer la construcci\u00f3n y remodelaci\u00f3n\u00bb, se\u00f1ala Rodr\u00edguez en su misiva.<\/p>\n<p>\u00c9ste adem\u00e1s estim\u00f3 que el inicio de los trabajos de reconstrucci\u00f3n del hip\u00f3dromo comenzar\u00edan en julio hasta ser completados aproximadamente en mayo pr\u00f3ximo.<\/p>\n<p>Por otro lado, Alejandro Fuentes, quien represent\u00f3 a Hip\u00f3dromo Camarero en la asamblea, explic\u00f3 la intenci\u00f3n de que Puerto Rico pueda presentar una carrera internacional con fecha estimada para septiembre de 2020.<\/p>\n<p>\u00abLa carrera tendr\u00eda un premio de $300 mil para ejemplares de tres a\u00f1os y mayores nativos de los pa\u00edses que componen la Confederaci\u00f3n H\u00edpica Del Caribe. La Compa\u00f1\u00eda De Turismo de Puerto Rico ha mostrado mucho inter\u00e9s en aportar significativamente para el logro del mismo\u00bb, a\u00f1adi\u00f3 Fuentes.<\/p>\n<p>La reuni\u00f3n cont\u00f3 con la participaci\u00f3n de delegados provenientes de Panam\u00e1, Venezuela, Colombia, Puerto Rico, M\u00e9xico y Rep\u00fablica Dominicana.<\/p>\n<p>Tambi\u00e9n estuvo presente representaci\u00f3n de la gerencia de Gulfstream Park, encabezada por Mike Rogers, vicepresidente ejecutivo de Grupo Stronach, que administra el hip\u00f3dromo ubicado en Hallandale Beach.<\/p>\n<p>Rogers acogi\u00f3 con benepl\u00e1cito el regreso del evento al referido hip\u00f3dromo este a\u00f1o. \u00abNo queremos ofender a ninguno de los pa\u00edses que forman parte de la Confederaci\u00f3n, pero deseamos tener una relaci\u00f3n de largo tiempo\u00bb, indic\u00f3 el ejecutivo, quien adem\u00e1s se mostr\u00f3 receptivo ante ciertos asuntos presentados por los delegados ante la experiencia de dos ediciones de la Serie H\u00edpica celebradas en Gulfstream Park.<\/p>\n<p>Entre ellos el uso de un solo veterinario para todos los caballos participantes en la serie los costos de este servicio. Adem\u00e1s, Rogers plante\u00f3 que hubo una merma en los totales de apuestas generadas por las carreras de la serie.<\/p>\n<p>\u00abLos totales en las primeras dos ediciones han sido m\u00e1s bajos de lo que esper\u00e1bamos\u00bb, indic\u00f3 Rogers, quien sugiri\u00f3 el que se mejore el suministro de las pasadas actuaciones de los ejemplares, que se convierte en informaci\u00f3n importante para los apostadores.<\/p>\n<p>En la reuni\u00f3n se plante\u00f3 adem\u00e1s la posible creaci\u00f3n de una Copa Confraternidad para hembras de cuatro a\u00f1os y mayores. \u00abCualquier evento que propicie el crecimiento de la serie ser\u00eda positivo\u00bb, opin\u00f3 Albarr\u00e1n.<\/p>\n<p>&nbsp;<\/p>\n<p>&nbsp;<\/p>\n<p>Contacto:<\/p>\n<p>Joe Bruno Ortiz<\/p>\n<p>787-908-2483<\/p>\n<p>Juan Carlos Feijo\u00f3 G.<\/p>\n<p>321-202-0087<\/p>\n<p>&nbsp;<\/p>\n<p>&nbsp;<\/p>\n<p>&nbsp;<\/p>\n<p>&nbsp;<\/p>\n","protected":false},"excerpt":{"rendered":"<p>Ciudad de Nueva York &#8211; La Serie H\u00edpica Del Caribe, evento que re\u00fane los mejores ejemplares de carreras de distintas categor\u00edas nacidos en diferentes pa\u00edses caribe\u00f1os, regresa al hip\u00f3dromo Gulfstream Park, en la Florida, para su edici\u00f3n de este a\u00f1o. &hellip; <a href=\"https:\/\/confederacionhipicadelcaribe.org\/?p=1483\">Sigue leyendo <span class=\"meta-nav\">&rarr;<\/span><\/a><\/p>\n","protected":false},"author":6,"featured_media":0,"comment_status":"closed","ping_status":"open","sticky":false,"template":"","format":"standard","meta":{"footnotes":""},"categories":[11],"tags":[],"class_list":["post-1483","post","type-post","status-publish","format-standard","hentry","category-serie-hipica-del-caribe-2013"],"_links":{"self":[{"href":"https:\/\/confederacionhipicadelcaribe.org\/index.php?rest_route=\/wp\/v2\/posts\/1483","targetHints":{"allow":["GET"]}}],"collection":[{"href":"https:\/\/confederacionhipicadelcaribe.org\/index.php?rest_route=\/wp\/v2\/posts"}],"about":[{"href":"https:\/\/confederacionhipicadelcaribe.org\/index.php?rest_route=\/wp\/v2\/types\/post"}],"author":[{"embeddable":true,"href":"https:\/\/confederacionhipicadelcaribe.org\/index.php?rest_route=\/wp\/v2\/users\/6"}],"replies":[{"embeddable":true,"href":"https:\/\/confederacionhipicadelcaribe.org\/index.php?rest_route=%2Fwp%2Fv2%2Fcomments&post=1483"}],"version-history":[{"count":1,"href":"https:\/\/confederacionhipicadelcaribe.org\/index.php?rest_route=\/wp\/v2\/posts\/1483\/revisions"}],"predecessor-version":[{"id":1485,"href":"https:\/\/confederacionhipicadelcaribe.org\/index.php?rest_route=\/wp\/v2\/posts\/1483\/revisions\/1485"}],"wp:attachment":[{"href":"https:\/\/confederacionhipicadelcaribe.org\/index.php?rest_route=%2Fwp%2Fv2%2Fmedia&parent=1483"}],"wp:term":[{"taxonomy":"category","embeddable":true,"href":"https:\/\/confederacionhipicadelcaribe.org\/index.php?rest_route=%2Fwp%2Fv2%2Fcategories&post=1483"},{"taxonomy":"post_tag","embeddable":true,"href":"https:\/\/confederacionhipicadelcaribe.org\/index.php?rest_route=%2Fwp%2Fv2%2Ftags&post=1483"}],"curies":[{"name":"wp","href":"https:\/\/api.w.org\/{rel}","templated":true}]}}