{"id":1492,"date":"2019-09-29T01:19:38","date_gmt":"2019-09-29T01:19:38","guid":{"rendered":"http:\/\/confederacionhipicadelcaribe.org\/?p=1492"},"modified":"2019-09-29T03:38:50","modified_gmt":"2019-09-29T03:38:50","slug":"mexico-tienen-la-mira-en-la-serie-hipica-del-caribe","status":"publish","type":"post","link":"https:\/\/confederacionhipicadelcaribe.org\/?p=1492","title":{"rendered":"M\u00e9xico: Tienen la mira en la Serie H\u00edpica del Caribe"},"content":{"rendered":"<p>Se efectuaron las eliminatorias para el Internacional del Caribe y la Copa Dama que se celebrar\u00e1n el pr\u00f3ximo 8 de diciembre en Estados Unidos<\/p>\n<p>Por: Juan Carlos Vel\u00e1zquez\u00a0 \u00a0 \u00a0 \u00a0 \u00a0 \u00a0 \u00a0 \u00a0 \u00a0Foto: Miguel \u00c1ngel Espinoza<\/p>\n<p><a href=\"http:\/\/confederacionhipicadelcaribe.org\/wp-content\/uploads\/2019\/09\/20190928_210614.jpg\"><img loading=\"lazy\" decoding=\"async\" class=\"alignnone wp-image-1494 size-full\" src=\"http:\/\/confederacionhipicadelcaribe.org\/wp-content\/uploads\/2019\/09\/20190928_210614.jpg\" alt=\"20190928_210614\" width=\"719\" height=\"468\" srcset=\"https:\/\/confederacionhipicadelcaribe.org\/wp-content\/uploads\/2019\/09\/20190928_210614.jpg 719w, https:\/\/confederacionhipicadelcaribe.org\/wp-content\/uploads\/2019\/09\/20190928_210614-300x195.jpg 300w, https:\/\/confederacionhipicadelcaribe.org\/wp-content\/uploads\/2019\/09\/20190928_210614-460x300.jpg 460w\" sizes=\"auto, (max-width: 719px) 100vw, 719px\" \/><\/a><\/p>\n<p>La Serie H\u00edpica del caribe se llevar\u00e1 a cabo por tercer a\u00f1o consecutivo en el Hip\u00f3dromo de Gulfstream Park, Florida, Estados Unidos, donde M\u00e9xico ha tenido actuaciones destacadas, Igor de Cuadra San Jorge y Sacamandu de Rancho Cuqu\u00edo ya calificaron para la Copa Confraternidad y Copa Velocidad, respectivamente, a ellos se suman los clasificados de este s\u00e1bado 28 de septiembre, Thibaut de Rancho El Sabino para el Internacional del Caribe y La Peralta tambi\u00e9n de Rancho Cuqu\u00edo para la Copa Dama.<\/p>\n<p>Buscar\u00e1 emular la haza\u00f1a<\/p>\n<p>Thibaut de Rancho El sabino buscar\u00e1 igualar lo que Kukulk\u00e1n en 2018 y Jala Jala en 2017 hicieron en la pista de Gulfstream Park, traer a M\u00e9xico un Cl\u00e1sico Internacional del caribe, carrera donde se enfrenta los mejores caballos de tres a\u00f1os de cada pa\u00eds que conforman la Confederaci\u00f3n Del Caribe.<\/p>\n<p>Montado por el paname\u00f1o Jos\u00e9 \u00c1ngel Ortega, el potro cerr\u00f3 con potencia en el XL Cl\u00e1sico Criadores Mexicanos para conseguir los puntos suficientes y colarse as\u00ed a la gran fiesta caribe\u00f1a de diciembre pr\u00f3ximo. El caballo fue criado por Rancho Pozo de Luna y es hijo de Famous Again en Delta Run por Cherokee Run. El entrenado por Ra\u00fal R\u00e1ngel se desplaz\u00f3 en la milla 1\/8, mil 810. 52 metros en un minuto 53 segundos y dos quintos.<\/p>\n<p>https:\/\/youtu.be\/zT-AcaYajf8<\/p>\n<p>En ascenso<\/p>\n<p>La Peralta de Rancho Cuqu\u00edo no se tent\u00f3 el coraz\u00f3n y pas\u00f3 por encima de sus rivales con facilidad. Acompa\u00f1ada por el paname\u00f1o Jos\u00e9 \u00c1ngel Ortega la potranca se adue\u00f1\u00f3 de la recta para irse directo a la Copa Dama del Caribe al ganar el Cl\u00e1sico Criadores Mexicanos para tresa\u00f1eras nacionales.<\/p>\n<p>La tambi\u00e9n criada por Rancho Pozo de Luna es hija de Drover en Diva por Borrego, culmin\u00f3 la milla 1\/16, mil 709.93 metros en un minuto 48 segundos y dos quintos. La potranca que es entrenada por Arturo Ruiz Garc\u00eda se enfrentar\u00e1 contra las mejores yeguas caribe\u00f1as. La \u00faltima ejemplar mexicana en ganar la Copa Dama fue Jaguaryu de Cuadra San Jorge en 2017.<\/p>\n<p>Las pr\u00f3ximas jornadas de clasificaci\u00f3n para ver qu\u00e9 corredores acompa\u00f1ar\u00e1n a estas estrellas de Sotelo en su viaje a Florida ser\u00e1n el 25 y 26 de octubre en el Cl\u00e1sico de Oto\u00f1o, Cl\u00e1sico That\u00b4s Life y Kremlin.<\/p>\n<p>https:\/\/youtu.be\/1MPYwlMQoKg<\/p>\n<p>&nbsp;<\/p>\n","protected":false},"excerpt":{"rendered":"<p>Se efectuaron las eliminatorias para el Internacional del Caribe y la Copa Dama que se celebrar\u00e1n el pr\u00f3ximo 8 de diciembre en Estados Unidos Por: Juan Carlos Vel\u00e1zquez\u00a0 \u00a0 \u00a0 \u00a0 \u00a0 \u00a0 \u00a0 \u00a0 \u00a0Foto: Miguel \u00c1ngel Espinoza La &hellip; <a href=\"https:\/\/confederacionhipicadelcaribe.org\/?p=1492\">Sigue leyendo <span class=\"meta-nav\">&rarr;<\/span><\/a><\/p>\n","protected":false},"author":6,"featured_media":0,"comment_status":"closed","ping_status":"open","sticky":false,"template":"","format":"standard","meta":{"footnotes":""},"categories":[11],"tags":[],"class_list":["post-1492","post","type-post","status-publish","format-standard","hentry","category-serie-hipica-del-caribe-2013"],"_links":{"self":[{"href":"https:\/\/confederacionhipicadelcaribe.org\/index.php?rest_route=\/wp\/v2\/posts\/1492","targetHints":{"allow":["GET"]}}],"collection":[{"href":"https:\/\/confederacionhipicadelcaribe.org\/index.php?rest_route=\/wp\/v2\/posts"}],"about":[{"href":"https:\/\/confederacionhipicadelcaribe.org\/index.php?rest_route=\/wp\/v2\/types\/post"}],"author":[{"embeddable":true,"href":"https:\/\/confederacionhipicadelcaribe.org\/index.php?rest_route=\/wp\/v2\/users\/6"}],"replies":[{"embeddable":true,"href":"https:\/\/confederacionhipicadelcaribe.org\/index.php?rest_route=%2Fwp%2Fv2%2Fcomments&post=1492"}],"version-history":[{"count":4,"href":"https:\/\/confederacionhipicadelcaribe.org\/index.php?rest_route=\/wp\/v2\/posts\/1492\/revisions"}],"predecessor-version":[{"id":1498,"href":"https:\/\/confederacionhipicadelcaribe.org\/index.php?rest_route=\/wp\/v2\/posts\/1492\/revisions\/1498"}],"wp:attachment":[{"href":"https:\/\/confederacionhipicadelcaribe.org\/index.php?rest_route=%2Fwp%2Fv2%2Fmedia&parent=1492"}],"wp:term":[{"taxonomy":"category","embeddable":true,"href":"https:\/\/confederacionhipicadelcaribe.org\/index.php?rest_route=%2Fwp%2Fv2%2Fcategories&post=1492"},{"taxonomy":"post_tag","embeddable":true,"href":"https:\/\/confederacionhipicadelcaribe.org\/index.php?rest_route=%2Fwp%2Fv2%2Ftags&post=1492"}],"curies":[{"name":"wp","href":"https:\/\/api.w.org\/{rel}","templated":true}]}}