{"id":1562,"date":"2019-12-02T00:53:45","date_gmt":"2019-12-02T00:53:45","guid":{"rendered":"http:\/\/confederacionhipicadelcaribe.org\/?p=1562"},"modified":"2019-12-03T03:15:50","modified_gmt":"2019-12-03T03:15:50","slug":"homenajes-y-reconocimientos-en-la-serie-hipica-del-caribe-2019","status":"publish","type":"post","link":"https:\/\/confederacionhipicadelcaribe.org\/?p=1562","title":{"rendered":"HOMENAJES y RECONOCIMIENTOS en la SERIE H\u00cdPICA DEL CARIBE 2019"},"content":{"rendered":"<p>En el marco de la Serie H\u00edpica del Caribe 2019, se llevar\u00e1n a cabo los tradicionales homenajes y reconocimientos de rigor en cada una de las cinco selectivas que se van a disputar el domingo 8 de diciembre en Gulfstream Park.<\/p>\n<p style=\"text-align: left\">Las personalidades a destacar este a\u00f1o son:<\/p>\n<h1 style=\"text-align: center\">CL\u00c1SICO DEL CARIBE en homenaje a BILL BADGETT<\/h1>\n<h1 style=\"text-align: center\">(Estados Unidos)<\/h1>\n<p style=\"text-align: center\"><a href=\"http:\/\/confederacionhipicadelcaribe.org\/wp-content\/uploads\/2019\/12\/bill-badgett.jpg\"><img loading=\"lazy\" decoding=\"async\" class=\"alignnone size-medium wp-image-1565\" src=\"http:\/\/confederacionhipicadelcaribe.org\/wp-content\/uploads\/2019\/12\/bill-badgett-236x300.jpg\" alt=\"bill badgett\" width=\"236\" height=\"300\" srcset=\"https:\/\/confederacionhipicadelcaribe.org\/wp-content\/uploads\/2019\/12\/bill-badgett-236x300.jpg 236w, https:\/\/confederacionhipicadelcaribe.org\/wp-content\/uploads\/2019\/12\/bill-badgett.jpg 431w\" sizes=\"auto, (max-width: 236px) 100vw, 236px\" \/><\/a><\/p>\n<p style=\"text-align: center\">Entrenador en el circuito de la NYRA, destacando con la doble ganadora del Eclipse Award GO FOR WAND. Ejerci\u00f3 la Gerencia de Gulfstream Park y la Vicepresidencia Nacional de Carreras de Grupo Stronach. En la actualidad es Director Ejecutivo de la\u00a0Florida Horsemen&#8217;s Benevolent and Protective Association<\/p>\n<h1 style=\"text-align: center\">COPA CONFRATERNIDAD\u00a0en homenaje a CLAUDIO ALVAREZ<\/h1>\n<h1 style=\"text-align: center\">(M\u00e9xico)<\/h1>\n<p><a href=\"http:\/\/confederacionhipicadelcaribe.org\/wp-content\/uploads\/2019\/12\/CLAUDIOALVAREZ.jpg\"><img loading=\"lazy\" decoding=\"async\" class=\"aligncenter wp-image-1564 size-medium\" src=\"http:\/\/confederacionhipicadelcaribe.org\/wp-content\/uploads\/2019\/12\/CLAUDIOALVAREZ-268x300.jpg\" alt=\"CLAUDIOALVAREZ\" width=\"268\" height=\"300\" srcset=\"https:\/\/confederacionhipicadelcaribe.org\/wp-content\/uploads\/2019\/12\/CLAUDIOALVAREZ-268x300.jpg 268w, https:\/\/confederacionhipicadelcaribe.org\/wp-content\/uploads\/2019\/12\/CLAUDIOALVAREZ.jpg 345w\" sizes=\"auto, (max-width: 268px) 100vw, 268px\" \/><\/a><\/p>\n<p style=\"text-align: center\">Exitoso propietario y criador mexicano, actualmente forma parte de la Junta Directiva de la Confederaci\u00f3n H\u00edpica del Caribe. Fue exaltado al Sal\u00f3n de la Fama del Cl\u00e1sico del Caribe en 2018.<\/p>\n<h1 style=\"text-align: center\">COPA DAMA DEL CARIBE en reconocimiento a CLAUDIA SPADARO<\/h1>\n<h1 style=\"text-align: center\">(Venezuela)<\/h1>\n<p style=\"text-align: center\"><a href=\"http:\/\/confederacionhipicadelcaribe.org\/wp-content\/uploads\/2019\/12\/CLAUDIA-SPADARO.jpg\"><img loading=\"lazy\" decoding=\"async\" class=\"alignnone size-medium wp-image-1563\" src=\"http:\/\/confederacionhipicadelcaribe.org\/wp-content\/uploads\/2019\/12\/CLAUDIA-SPADARO-243x300.jpg\" alt=\"CLAUDIA SPADARO\" width=\"243\" height=\"300\" srcset=\"https:\/\/confederacionhipicadelcaribe.org\/wp-content\/uploads\/2019\/12\/CLAUDIA-SPADARO-243x300.jpg 243w, https:\/\/confederacionhipicadelcaribe.org\/wp-content\/uploads\/2019\/12\/CLAUDIA-SPADARO.jpg 314w\" sizes=\"auto, (max-width: 243px) 100vw, 243px\" \/><\/a><\/p>\n<p style=\"text-align: center\">Joven periodista venezolana, quien se ha destacado como difusora del hipismo en espa\u00f1ol en Estados Unidos. Su rol en el Canal H\u00edpica TV y en las redes sociales, ha sido muy valioso para la promoci\u00f3n de la Serie H\u00edpica del Caribe 2017, 2018 y 2019.<\/p>\n<h1 style=\"text-align: center\">COPA VELOCIDAD DEL CARIBE en homenaje a VICTOR S\u00c1NCHEZ<\/h1>\n<h1 style=\"text-align: center\">(Puerto Rico)<\/h1>\n<p style=\"text-align: center\"><a href=\"http:\/\/confederacionhipicadelcaribe.org\/wp-content\/uploads\/2019\/12\/victor-sanchez.jpg\"><img loading=\"lazy\" decoding=\"async\" class=\"alignnone size-medium wp-image-1566\" src=\"http:\/\/confederacionhipicadelcaribe.org\/wp-content\/uploads\/2019\/12\/victor-sanchez-237x300.jpg\" alt=\"victor sanchez\" width=\"237\" height=\"300\" srcset=\"https:\/\/confederacionhipicadelcaribe.org\/wp-content\/uploads\/2019\/12\/victor-sanchez-237x300.jpg 237w, https:\/\/confederacionhipicadelcaribe.org\/wp-content\/uploads\/2019\/12\/victor-sanchez.jpg 304w\" sizes=\"auto, (max-width: 237px) 100vw, 237px\" \/><\/a><\/p>\n<p style=\"text-align: center\">Nacido en Puerto Rico, S\u00e1nchez destac\u00f3 como jinete en su tierra natal y en Florida, galopador de grandes entrenadores entre los que destaca Don L\u00e1zaro Barrera. Ha sido Agente de jinetes como Edgar Prado entre otros. Ha ejercido todos los roles referentes al Jockeys Room de Gulfstream Park en donde actualmente ejerce la m\u00e1xima autoridad. Amigo de todos y consejero permanente.<\/p>\n<h1 style=\"text-align: center\">COPA INVITACIONAL DEL CARIBE en homenaje p\u00f3stumo al comunicador JOS\u00c9 GREGORIO GUERRERO BOGAR\u00cdN<\/h1>\n<h1 style=\"text-align: center\">(Venezuela)<\/h1>\n<p style=\"text-align: center\"><a href=\"http:\/\/confederacionhipicadelcaribe.org\/wp-content\/uploads\/2019\/12\/guerrero.jpg\"><img loading=\"lazy\" decoding=\"async\" class=\"alignnone size-medium wp-image-1567\" src=\"http:\/\/confederacionhipicadelcaribe.org\/wp-content\/uploads\/2019\/12\/guerrero-283x300.jpg\" alt=\"guerrero\" width=\"283\" height=\"300\" srcset=\"https:\/\/confederacionhipicadelcaribe.org\/wp-content\/uploads\/2019\/12\/guerrero-283x300.jpg 283w, https:\/\/confederacionhipicadelcaribe.org\/wp-content\/uploads\/2019\/12\/guerrero.jpg 500w\" sizes=\"auto, (max-width: 283px) 100vw, 283px\" \/><\/a><\/p>\n<p style=\"text-align: center\">Comunicador h\u00edpico que siempre mostr\u00f3 su disposici\u00f3n para promocionar y hacer del conocimiento de la afici\u00f3n, todo lo referente a la Serie H\u00edpica del Caribe. Siempre colaborador y dispuesto a informar, cubri\u00f3 su \u00faltima Serie H\u00edpica la temporada pasada, en donde demostr\u00f3 sus habilidades como pronosticador y cronista h\u00edpico. Lamentablemente \u00abEl Guerrero\u00bb como era apodado, nos dej\u00f3 f\u00edsicamente hace unos meses.<\/p>\n","protected":false},"excerpt":{"rendered":"<p>En el marco de la Serie H\u00edpica del Caribe 2019, se llevar\u00e1n a cabo los tradicionales homenajes y reconocimientos de rigor en cada una de las cinco selectivas que se van a disputar el domingo 8 de diciembre en Gulfstream &hellip; <a href=\"https:\/\/confederacionhipicadelcaribe.org\/?p=1562\">Sigue leyendo <span class=\"meta-nav\">&rarr;<\/span><\/a><\/p>\n","protected":false},"author":6,"featured_media":0,"comment_status":"closed","ping_status":"open","sticky":false,"template":"","format":"standard","meta":{"footnotes":""},"categories":[11],"tags":[],"class_list":["post-1562","post","type-post","status-publish","format-standard","hentry","category-serie-hipica-del-caribe-2013"],"_links":{"self":[{"href":"https:\/\/confederacionhipicadelcaribe.org\/index.php?rest_route=\/wp\/v2\/posts\/1562","targetHints":{"allow":["GET"]}}],"collection":[{"href":"https:\/\/confederacionhipicadelcaribe.org\/index.php?rest_route=\/wp\/v2\/posts"}],"about":[{"href":"https:\/\/confederacionhipicadelcaribe.org\/index.php?rest_route=\/wp\/v2\/types\/post"}],"author":[{"embeddable":true,"href":"https:\/\/confederacionhipicadelcaribe.org\/index.php?rest_route=\/wp\/v2\/users\/6"}],"replies":[{"embeddable":true,"href":"https:\/\/confederacionhipicadelcaribe.org\/index.php?rest_route=%2Fwp%2Fv2%2Fcomments&post=1562"}],"version-history":[{"count":17,"href":"https:\/\/confederacionhipicadelcaribe.org\/index.php?rest_route=\/wp\/v2\/posts\/1562\/revisions"}],"predecessor-version":[{"id":1595,"href":"https:\/\/confederacionhipicadelcaribe.org\/index.php?rest_route=\/wp\/v2\/posts\/1562\/revisions\/1595"}],"wp:attachment":[{"href":"https:\/\/confederacionhipicadelcaribe.org\/index.php?rest_route=%2Fwp%2Fv2%2Fmedia&parent=1562"}],"wp:term":[{"taxonomy":"category","embeddable":true,"href":"https:\/\/confederacionhipicadelcaribe.org\/index.php?rest_route=%2Fwp%2Fv2%2Fcategories&post=1562"},{"taxonomy":"post_tag","embeddable":true,"href":"https:\/\/confederacionhipicadelcaribe.org\/index.php?rest_route=%2Fwp%2Fv2%2Ftags&post=1562"}],"curies":[{"name":"wp","href":"https:\/\/api.w.org\/{rel}","templated":true}]}}