{"id":1597,"date":"2019-12-06T21:41:52","date_gmt":"2019-12-06T21:41:52","guid":{"rendered":"http:\/\/confederacionhipicadelcaribe.org\/?p=1597"},"modified":"2019-12-06T21:41:52","modified_gmt":"2019-12-06T21:41:52","slug":"aprobada-la-sede-de-puerto-rico-para-la-serie-hipica-2020","status":"publish","type":"post","link":"https:\/\/confederacionhipicadelcaribe.org\/?p=1597","title":{"rendered":"Aprobada la sede de Puerto Rico para la Serie H\u00edpica 2020"},"content":{"rendered":"<p>Por Joe Bruno Ortiz<\/p>\n<p><a href=\"http:\/\/confederacionhipicadelcaribe.org\/wp-content\/uploads\/2019\/12\/Ervin-Rodriguez1.jpg\"><img loading=\"lazy\" decoding=\"async\" class=\"alignnone wp-image-1598 size-large\" src=\"http:\/\/confederacionhipicadelcaribe.org\/wp-content\/uploads\/2019\/12\/Ervin-Rodriguez1-1024x646.jpg\" alt=\"Ervin Rodriguez1\" width=\"584\" height=\"368\" srcset=\"https:\/\/confederacionhipicadelcaribe.org\/wp-content\/uploads\/2019\/12\/Ervin-Rodriguez1-1024x646.jpg 1024w, https:\/\/confederacionhipicadelcaribe.org\/wp-content\/uploads\/2019\/12\/Ervin-Rodriguez1-300x189.jpg 300w, https:\/\/confederacionhipicadelcaribe.org\/wp-content\/uploads\/2019\/12\/Ervin-Rodriguez1-475x300.jpg 475w, https:\/\/confederacionhipicadelcaribe.org\/wp-content\/uploads\/2019\/12\/Ervin-Rodriguez1.jpg 1878w\" sizes=\"auto, (max-width: 584px) 100vw, 584px\" \/><\/a><\/p>\n<p>Ervin Rodr\u00edguez, presidente de Hip\u00f3dromo Camarero, asegur\u00f3 que la Isla estar\u00e1 lista para presentar el evento.<\/p>\n<p>En votaci\u00f3n mayoritaria la Confederaci\u00f3n H\u00edpica Del Caribe (CHC) aprob\u00f3 que Puerto Rico sea la sede de la Serie H\u00edpica para la edici\u00f3n de 2020, lo que deber\u00e1 ser confirmado en la reuni\u00f3n de medio a\u00f1o de esta entidad.<\/p>\n<p>As\u00ed se produjo en la asamblea efectuada el viernes en el hip\u00f3dromo Gulfstream Park, de Hallandale Beach, en la Florida, con la participaci\u00f3n de delegados de Venezuela, M\u00e9xico, Ecuador, Puerto Rico, Rep\u00fablica Dominicana, Panam\u00e1, Trinidad y Tobago y Colombia por intermedio de un representante paname\u00f1o.<\/p>\n<p>Ervin Rodr\u00edguez, presidente de Hip\u00f3dromo Camarero, realiz\u00f3 una presentaci\u00f3n al solicitar la sede ante los presentes en la asamblea y luego se llev\u00f3 a cabo la votaci\u00f3n para la otorgaci\u00f3n de la misma.<\/p>\n<p>\u00abContamos con la certificaci\u00f3n de la Compa\u00f1\u00eda De Turismo para la otorgaci\u00f3n de los fondos necesarios para la presentaci\u00f3n del evento\u00bb, explic\u00f3 Rodr\u00edguez en su alocuci\u00f3n respaldada por im\u00e1genes en v\u00eddeo en las que apareci\u00f3 la maqueta de la nueva estructura del hip\u00f3dromo Camarero, que hace dos meses inici\u00f3 su reconstrucci\u00f3n.<\/p>\n<p>La instalaci\u00f3n h\u00edpica fue severamente afectada como consecuencia del paso del hurac\u00e1n Mar\u00eda el 20 de septiembre de 2017. La gerencia del hip\u00f3dromo hab\u00eda solicitado la sede para presentar la Serie H\u00edpica este a\u00f1o, pero retrasos en los inicios de los trabajos de reconstrucci\u00f3n provocaron que el evento fuese devuelto a Gulfstream Park.<\/p>\n<p>\u00abLas instalaciones estar\u00e1n listas entre mayo y junio del a\u00f1o pr\u00f3ximo. Estamos totalmente confiados de que celebraremos el evento como siempre hemos hecho\u00bb, a\u00f1adi\u00f3.<\/p>\n<p>Tras la petici\u00f3n planteada por Rodr\u00edguez, Hugo Albarr\u00e1n, presidente de la CHC, dio a la asamblea la oportunidad de decidir llev\u00e1ndolo a votaci\u00f3n por parte de los delegados presentes.<\/p>\n<p>Hubo planteamientos sobre decidir si se aprobaba la sede de Puerto Rico al momento de la asamblea o aplazarlo para la reuni\u00f3n de medio a\u00f1o en junio pr\u00f3ximo. Luego de varios argumentos finalmente se lleg\u00f3 a votaci\u00f3n para aprobar en la propia asamblea.<\/p>\n<p>De esta forma, Rep\u00fablica Dominicana, Ecuador, Panam\u00e1, Trinidad y Tobago y Colombia votaron a favor de la sede para Puerto Rico. En el caso de Venezuela y M\u00e9xico, \u00e9stos reservaron su voto entendiendo que la decisi\u00f3n deb\u00eda tomarse en junio pr\u00f3ximo.<\/p>\n<p>Por otro lado, la ciudad de Bogot\u00e1, Colombia, fue sugerida como la sede de la reuni\u00f3n de medio a\u00f1o de la CHC a solicitud del comisionado h\u00edpico dominicano Manfred Codik, quien indic\u00f3 que Rep\u00fablica Dominicana pudiera ser la sede alterna para la celebraci\u00f3n de la referida reuni\u00f3n.<\/p>\n<p>&nbsp;<\/p>\n","protected":false},"excerpt":{"rendered":"<p>Por Joe Bruno Ortiz Ervin Rodr\u00edguez, presidente de Hip\u00f3dromo Camarero, asegur\u00f3 que la Isla estar\u00e1 lista para presentar el evento. En votaci\u00f3n mayoritaria la Confederaci\u00f3n H\u00edpica Del Caribe (CHC) aprob\u00f3 que Puerto Rico sea la sede de la Serie H\u00edpica &hellip; <a href=\"https:\/\/confederacionhipicadelcaribe.org\/?p=1597\">Sigue leyendo <span class=\"meta-nav\">&rarr;<\/span><\/a><\/p>\n","protected":false},"author":6,"featured_media":0,"comment_status":"closed","ping_status":"open","sticky":false,"template":"","format":"standard","meta":{"footnotes":""},"categories":[11],"tags":[],"class_list":["post-1597","post","type-post","status-publish","format-standard","hentry","category-serie-hipica-del-caribe-2013"],"_links":{"self":[{"href":"https:\/\/confederacionhipicadelcaribe.org\/index.php?rest_route=\/wp\/v2\/posts\/1597","targetHints":{"allow":["GET"]}}],"collection":[{"href":"https:\/\/confederacionhipicadelcaribe.org\/index.php?rest_route=\/wp\/v2\/posts"}],"about":[{"href":"https:\/\/confederacionhipicadelcaribe.org\/index.php?rest_route=\/wp\/v2\/types\/post"}],"author":[{"embeddable":true,"href":"https:\/\/confederacionhipicadelcaribe.org\/index.php?rest_route=\/wp\/v2\/users\/6"}],"replies":[{"embeddable":true,"href":"https:\/\/confederacionhipicadelcaribe.org\/index.php?rest_route=%2Fwp%2Fv2%2Fcomments&post=1597"}],"version-history":[{"count":1,"href":"https:\/\/confederacionhipicadelcaribe.org\/index.php?rest_route=\/wp\/v2\/posts\/1597\/revisions"}],"predecessor-version":[{"id":1599,"href":"https:\/\/confederacionhipicadelcaribe.org\/index.php?rest_route=\/wp\/v2\/posts\/1597\/revisions\/1599"}],"wp:attachment":[{"href":"https:\/\/confederacionhipicadelcaribe.org\/index.php?rest_route=%2Fwp%2Fv2%2Fmedia&parent=1597"}],"wp:term":[{"taxonomy":"category","embeddable":true,"href":"https:\/\/confederacionhipicadelcaribe.org\/index.php?rest_route=%2Fwp%2Fv2%2Fcategories&post=1597"},{"taxonomy":"post_tag","embeddable":true,"href":"https:\/\/confederacionhipicadelcaribe.org\/index.php?rest_route=%2Fwp%2Fv2%2Ftags&post=1597"}],"curies":[{"name":"wp","href":"https:\/\/api.w.org\/{rel}","templated":true}]}}