{"id":1636,"date":"2020-05-09T01:56:21","date_gmt":"2020-05-09T01:56:21","guid":{"rendered":"http:\/\/confederacionhipicadelcaribe.org\/?p=1636"},"modified":"2020-05-09T01:56:21","modified_gmt":"2020-05-09T01:56:21","slug":"comunicado-oficial-sede-shc2020","status":"publish","type":"post","link":"https:\/\/confederacionhipicadelcaribe.org\/?p=1636","title":{"rendered":"COMUNICADO OFICIAL: Sede SHC2020"},"content":{"rendered":"<p style=\"text-align: justify\">La Junta Directiva de la Confederaci\u00f3n H\u00edpica del Caribe, notifica a los medios y al p\u00fablico en general, que en conversaci\u00f3n sostenida entre el Dr. Hugo Albarr\u00e1n, Presidente de nuestra instituci\u00f3n y Ervin Rodr\u00edguez, Presidente del Hip\u00f3dromo Camarero, este \u00faltimo inform\u00f3 oficialmente:<\/p>\n<p style=\"text-align: justify\">1.-) Que por razones ajenas a la voluntad de los directivos del hip\u00f3dromo Camarero, las obras de refacci\u00f3n de las tribunas y planta f\u00edsica han sufrido retraso considerable tras la aplicaci\u00f3n las pol\u00edticas de prevenci\u00f3n del COVID \u2013 19.<\/p>\n<p style=\"text-align: justify\">2.-) Debido a la paralizaci\u00f3n de las actividades h\u00edpicas y a que las mencionadas instalaciones estar\u00edan operativas en su totalidad para el mes de noviembre pr\u00f3ximo, se ven imposibilitados para organizar la Serie H\u00edpica del Caribe 2020, tal y como le fuera adjudicada la sede en nuestra Asamblea de Fin de A\u00f1o llevada a cabo en diciembre pasado.<\/p>\n<p style=\"text-align: justify\">En los pr\u00f3ximos d\u00edas, haremos importantes anuncios con respecto a la celebraci\u00f3n de nuestro magno evento correspondiente a la presente temporada.<\/p>\n<p style=\"text-align: right\">Caracas, 6 de mayo de 2020<\/p>\n<p style=\"text-align: center\">\u201cLOS QUEREMOS A TODOS EN LA SERIE H\u00cdPICA DEL CARIBE 2020\u201d<\/p>\n<p style=\"text-align: center\">#QuedateEnCasa\u00a0 #SeamosResponsables<\/p>\n","protected":false},"excerpt":{"rendered":"<p>La Junta Directiva de la Confederaci\u00f3n H\u00edpica del Caribe, notifica a los medios y al p\u00fablico en general, que en conversaci\u00f3n sostenida entre el Dr. Hugo Albarr\u00e1n, Presidente de nuestra instituci\u00f3n y Ervin Rodr\u00edguez, Presidente del Hip\u00f3dromo Camarero, este \u00faltimo &hellip; <a href=\"https:\/\/confederacionhipicadelcaribe.org\/?p=1636\">Sigue leyendo <span class=\"meta-nav\">&rarr;<\/span><\/a><\/p>\n","protected":false},"author":6,"featured_media":0,"comment_status":"closed","ping_status":"open","sticky":false,"template":"","format":"standard","meta":{"footnotes":""},"categories":[12],"tags":[],"class_list":["post-1636","post","type-post","status-publish","format-standard","hentry","category-prensa"],"_links":{"self":[{"href":"https:\/\/confederacionhipicadelcaribe.org\/index.php?rest_route=\/wp\/v2\/posts\/1636","targetHints":{"allow":["GET"]}}],"collection":[{"href":"https:\/\/confederacionhipicadelcaribe.org\/index.php?rest_route=\/wp\/v2\/posts"}],"about":[{"href":"https:\/\/confederacionhipicadelcaribe.org\/index.php?rest_route=\/wp\/v2\/types\/post"}],"author":[{"embeddable":true,"href":"https:\/\/confederacionhipicadelcaribe.org\/index.php?rest_route=\/wp\/v2\/users\/6"}],"replies":[{"embeddable":true,"href":"https:\/\/confederacionhipicadelcaribe.org\/index.php?rest_route=%2Fwp%2Fv2%2Fcomments&post=1636"}],"version-history":[{"count":1,"href":"https:\/\/confederacionhipicadelcaribe.org\/index.php?rest_route=\/wp\/v2\/posts\/1636\/revisions"}],"predecessor-version":[{"id":1637,"href":"https:\/\/confederacionhipicadelcaribe.org\/index.php?rest_route=\/wp\/v2\/posts\/1636\/revisions\/1637"}],"wp:attachment":[{"href":"https:\/\/confederacionhipicadelcaribe.org\/index.php?rest_route=%2Fwp%2Fv2%2Fmedia&parent=1636"}],"wp:term":[{"taxonomy":"category","embeddable":true,"href":"https:\/\/confederacionhipicadelcaribe.org\/index.php?rest_route=%2Fwp%2Fv2%2Fcategories&post=1636"},{"taxonomy":"post_tag","embeddable":true,"href":"https:\/\/confederacionhipicadelcaribe.org\/index.php?rest_route=%2Fwp%2Fv2%2Ftags&post=1636"}],"curies":[{"name":"wp","href":"https:\/\/api.w.org\/{rel}","templated":true}]}}