{"id":1639,"date":"2020-08-03T18:18:30","date_gmt":"2020-08-03T18:18:30","guid":{"rendered":"http:\/\/confederacionhipicadelcaribe.org\/?p=1639"},"modified":"2020-08-03T18:18:30","modified_gmt":"2020-08-03T18:18:30","slug":"comunicado-oficial-serie-hipica-del-caribe-2020","status":"publish","type":"post","link":"https:\/\/confederacionhipicadelcaribe.org\/?p=1639","title":{"rendered":"COMUNICADO OFICIAL: SERIE H\u00cdPICA DEL CARIBE 2020"},"content":{"rendered":"<p style=\"text-align: right\">Caracas, 3 de agosto de 2020<\/p>\n<p style=\"text-align: justify\">Como es sabido por todos Puerto Rico, pa\u00eds sede designado para la celebraci\u00f3n de la Serie H\u00edpica del Caribe 2020, notific\u00f3 formalmente a esta Confederaci\u00f3n, la imposibilidad de presentar dichos eventos por razones de retardo en la reparaci\u00f3n de la infraestructura del Hip\u00f3dromo Camarero, como consecuencia de los da\u00f1os provocados por el Hurac\u00e1n Mar\u00eda que azot\u00f3 a la isla hermana.<\/p>\n<p style=\"text-align: justify\">El hip\u00f3dromo Gulfstream Park propuso la organizaci\u00f3n de la Serie H\u00edpica del Caribe 2020, sujeto a determinadas condiciones diferentes a las que ya exist\u00edan en los tres a\u00f1os anteriores (2017, 2018 y 2019), las cuales fueron sometidas a consideraci\u00f3n por parte de los pa\u00edses miembros que conforman nuestra instituci\u00f3n.<\/p>\n<p style=\"text-align: justify\">En tal sentido, Venezuela tambi\u00e9n present\u00f3 una propuesta para organizar los mencionados eventos, mejorando el Pote de Premios a repartir en US$100.000 y manteniendo las condiciones estatutarias de nuestro Reglamento.<\/p>\n<p style=\"text-align: justify\"><strong>Hacemos de su conocimiento por esta v\u00eda, que lamentablemente ambas propuestas han sido retiradas por diferentes razones. <\/strong><\/p>\n<p style=\"text-align: justify\">Es un hecho notorio que a partir del mes de marzo pasado, la pandemia que azota a todos los pa\u00edses del mundo oblig\u00f3 a la suspensi\u00f3n de todos los eventos deportivos, entre ellos las Olimpiadas de Verano Tokio 2020, la Eurocopa de Naciones, Formula 1, Beisbol, F\u00fatbol, etc. El hipismo no escap\u00f3 de ello.<\/p>\n<p style=\"text-align: justify\">Paulatinamente en Ecuador, Jamaica, Puerto Rico y Venezuela, pa\u00edses que integran nuestra instituci\u00f3n, se ha venido reactivando la actividad h\u00edpica sin la presencia de p\u00fablico en los hip\u00f3dromos y exigiendo condiciones sanitarias estrictas para evitar rebrotes masivos. A la presente fecha, no hay actividad de carreras en los restantes pa\u00edses miembros de esta Confederaci\u00f3n incluyendo a M\u00e9xico y Panam\u00e1, seg\u00fan lo rese\u00f1ado en los diferentes medios de comunicaci\u00f3n de manera prolija.<\/p>\n<p style=\"text-align: justify\">Esta situaci\u00f3n sanitaria, terrible por dem\u00e1s, ha tra\u00eddo como consecuencia que al redactar este comunicado, no contemos con sede para presentar la Serie H\u00edpica del Caribe 2020.<\/p>\n<p style=\"text-align: justify\"><strong>Por las razones antes expuestas, notificamos la SUSPENSI\u00d3N de dichos eventos, al igual que el resto actividades contempladas en nuestro Reglamento. <\/strong><\/p>\n<p style=\"text-align: justify\">No obstante, en el caso que surja de alg\u00fan pa\u00eds miembro la propuesta para organizar la Serie H\u00edpica del Caribe 2020, siempre contando con los requisitos m\u00ednimos necesarios para llevarlo a cabo, estamos dispuestos a estudiar la posibilidad de reprogramarla.<\/p>\n<p style=\"text-align: center\">\u00a0\u00a0 \u00a0 \u00a0 \u00a0 \u00a0 \u00a0 \u00a0 \u00a0 \u00a0 \u00a0Atentamente<\/p>\n<p style=\"text-align: center\">Hugo Albarr\u00e1n Acosta<\/p>\n<p style=\"text-align: center\">Presidente<\/p>\n<p style=\"text-align: center\">Confederaci\u00f3n H\u00edpica del Caribe<\/p>\n","protected":false},"excerpt":{"rendered":"<p>Caracas, 3 de agosto de 2020 Como es sabido por todos Puerto Rico, pa\u00eds sede designado para la celebraci\u00f3n de la Serie H\u00edpica del Caribe 2020, notific\u00f3 formalmente a esta Confederaci\u00f3n, la imposibilidad de presentar dichos eventos por razones de &hellip; <a href=\"https:\/\/confederacionhipicadelcaribe.org\/?p=1639\">Sigue leyendo <span class=\"meta-nav\">&rarr;<\/span><\/a><\/p>\n","protected":false},"author":6,"featured_media":0,"comment_status":"closed","ping_status":"open","sticky":false,"template":"","format":"standard","meta":{"footnotes":""},"categories":[11],"tags":[],"class_list":["post-1639","post","type-post","status-publish","format-standard","hentry","category-serie-hipica-del-caribe-2013"],"_links":{"self":[{"href":"https:\/\/confederacionhipicadelcaribe.org\/index.php?rest_route=\/wp\/v2\/posts\/1639","targetHints":{"allow":["GET"]}}],"collection":[{"href":"https:\/\/confederacionhipicadelcaribe.org\/index.php?rest_route=\/wp\/v2\/posts"}],"about":[{"href":"https:\/\/confederacionhipicadelcaribe.org\/index.php?rest_route=\/wp\/v2\/types\/post"}],"author":[{"embeddable":true,"href":"https:\/\/confederacionhipicadelcaribe.org\/index.php?rest_route=\/wp\/v2\/users\/6"}],"replies":[{"embeddable":true,"href":"https:\/\/confederacionhipicadelcaribe.org\/index.php?rest_route=%2Fwp%2Fv2%2Fcomments&post=1639"}],"version-history":[{"count":1,"href":"https:\/\/confederacionhipicadelcaribe.org\/index.php?rest_route=\/wp\/v2\/posts\/1639\/revisions"}],"predecessor-version":[{"id":1640,"href":"https:\/\/confederacionhipicadelcaribe.org\/index.php?rest_route=\/wp\/v2\/posts\/1639\/revisions\/1640"}],"wp:attachment":[{"href":"https:\/\/confederacionhipicadelcaribe.org\/index.php?rest_route=%2Fwp%2Fv2%2Fmedia&parent=1639"}],"wp:term":[{"taxonomy":"category","embeddable":true,"href":"https:\/\/confederacionhipicadelcaribe.org\/index.php?rest_route=%2Fwp%2Fv2%2Fcategories&post=1639"},{"taxonomy":"post_tag","embeddable":true,"href":"https:\/\/confederacionhipicadelcaribe.org\/index.php?rest_route=%2Fwp%2Fv2%2Ftags&post=1639"}],"curies":[{"name":"wp","href":"https:\/\/api.w.org\/{rel}","templated":true}]}}