{"id":1671,"date":"2021-01-05T05:04:21","date_gmt":"2021-01-05T05:04:21","guid":{"rendered":"http:\/\/confederacionhipicadelcaribe.org\/?p=1671"},"modified":"2021-01-05T05:04:21","modified_gmt":"2021-01-05T05:04:21","slug":"fallecio-el-dr-hugo-albarran-acosta","status":"publish","type":"post","link":"https:\/\/confederacionhipicadelcaribe.org\/?p=1671","title":{"rendered":"Falleci\u00f3 el Dr. Hugo Albarr\u00e1n Acosta"},"content":{"rendered":"<div class=\"kvgmc6g5 cxmmr5t8 oygrvhab hcukyx3x c1et5uql ii04i59q\">\n<div dir=\"auto\" style=\"text-align: justify\"><a href=\"http:\/\/confederacionhipicadelcaribe.org\/wp-content\/uploads\/2021\/01\/hugo.jpg\"><img loading=\"lazy\" decoding=\"async\" class=\"aligncenter wp-image-1672 size-full\" src=\"http:\/\/confederacionhipicadelcaribe.org\/wp-content\/uploads\/2021\/01\/hugo.jpg\" alt=\"hugo\" width=\"720\" height=\"532\" srcset=\"https:\/\/confederacionhipicadelcaribe.org\/wp-content\/uploads\/2021\/01\/hugo.jpg 720w, https:\/\/confederacionhipicadelcaribe.org\/wp-content\/uploads\/2021\/01\/hugo-300x221.jpg 300w, https:\/\/confederacionhipicadelcaribe.org\/wp-content\/uploads\/2021\/01\/hugo-406x300.jpg 406w\" sizes=\"auto, (max-width: 720px) 100vw, 720px\" \/><\/a><\/div>\n<div dir=\"auto\" style=\"text-align: justify\"><\/div>\n<div dir=\"auto\" style=\"text-align: justify\">El deporte h\u00edpico caribe\u00f1o est\u00e1 de luto ante el fallecimiento en la noche de este lunes del doctor Hugo Albarr\u00e1n Acosta, exitoso propietario de ejemplares de carreras en su natal Venezuela y presidente de la Confederaci\u00f3n H\u00edpica Del Caribe (CHC).<\/div>\n<div dir=\"auto\" style=\"text-align: justify\"><\/div>\n<div dir=\"auto\" style=\"text-align: justify\">Adem\u00e1s, es miembro del Sal\u00f3n de la Fama del Cl\u00e1sico Internacional Del Caribe.<\/div>\n<div dir=\"auto\" style=\"text-align: justify\"><\/div>\n<div dir=\"auto\" style=\"text-align: justify\">Como l\u00edder de CHC, Albarr\u00e1n Acosta fue instrumental junto a la junta de directores para mantener en alto el nivel de los eventos que componen la Serie H\u00edpica Del Caribe.<\/div>\n<div dir=\"auto\" style=\"text-align: justify\"><\/div>\n<div dir=\"auto\" style=\"text-align: justify\">Fue un ferviente colaborador de la h\u00edpica en su pa\u00eds desde donde se gan\u00f3 el respeto y admiraci\u00f3n de todos los representantes del hipismo a nivel internacional.<\/div>\n<div dir=\"auto\" style=\"text-align: justify\"><\/div>\n<div dir=\"auto\" style=\"text-align: justify\">Gracias Hugo por una labor tit\u00e1nica realizada en beneficio del hipismo. Ser\u00e1s siempre bien recordado.<\/div>\n<div dir=\"auto\" style=\"text-align: justify\"><\/div>\n<div dir=\"auto\" style=\"text-align: justify\">Elevamos nuestras oraciones por su eterno descanso y por fortaleza y consuelo a su familia y allegados.<\/div>\n<div dir=\"auto\" style=\"text-align: justify\"><\/div>\n<\/div>\n<div class=\"o9v6fnle cxmmr5t8 oygrvhab hcukyx3x c1et5uql ii04i59q\">\n<div dir=\"auto\" style=\"text-align: justify\">En la foto el momento en que Hugo Albarr\u00e1n Acosta recibe de manos de Lionel Muller (QEPD) el reconocimiento al ser exaltado al Sal\u00f3n de la Fama del Cl\u00e1sico Internacional Del Caribe, en Caracas, Venezuela, en diciembre de 2010.<\/div>\n<div dir=\"auto\" style=\"text-align: justify\"><\/div>\n<div dir=\"auto\" style=\"text-align: justify\">Por Joe Bruno (Tomado de la cuenta Facebook Cl\u00e1sico del Caribe)<\/div>\n<\/div>\n","protected":false},"excerpt":{"rendered":"<p>El deporte h\u00edpico caribe\u00f1o est\u00e1 de luto ante el fallecimiento en la noche de este lunes del doctor Hugo Albarr\u00e1n Acosta, exitoso propietario de ejemplares de carreras en su natal Venezuela y presidente de la Confederaci\u00f3n H\u00edpica Del Caribe (CHC). &hellip; <a href=\"https:\/\/confederacionhipicadelcaribe.org\/?p=1671\">Sigue leyendo <span class=\"meta-nav\">&rarr;<\/span><\/a><\/p>\n","protected":false},"author":6,"featured_media":0,"comment_status":"closed","ping_status":"open","sticky":false,"template":"","format":"standard","meta":{"footnotes":""},"categories":[11],"tags":[],"class_list":["post-1671","post","type-post","status-publish","format-standard","hentry","category-serie-hipica-del-caribe-2013"],"_links":{"self":[{"href":"https:\/\/confederacionhipicadelcaribe.org\/index.php?rest_route=\/wp\/v2\/posts\/1671","targetHints":{"allow":["GET"]}}],"collection":[{"href":"https:\/\/confederacionhipicadelcaribe.org\/index.php?rest_route=\/wp\/v2\/posts"}],"about":[{"href":"https:\/\/confederacionhipicadelcaribe.org\/index.php?rest_route=\/wp\/v2\/types\/post"}],"author":[{"embeddable":true,"href":"https:\/\/confederacionhipicadelcaribe.org\/index.php?rest_route=\/wp\/v2\/users\/6"}],"replies":[{"embeddable":true,"href":"https:\/\/confederacionhipicadelcaribe.org\/index.php?rest_route=%2Fwp%2Fv2%2Fcomments&post=1671"}],"version-history":[{"count":1,"href":"https:\/\/confederacionhipicadelcaribe.org\/index.php?rest_route=\/wp\/v2\/posts\/1671\/revisions"}],"predecessor-version":[{"id":1673,"href":"https:\/\/confederacionhipicadelcaribe.org\/index.php?rest_route=\/wp\/v2\/posts\/1671\/revisions\/1673"}],"wp:attachment":[{"href":"https:\/\/confederacionhipicadelcaribe.org\/index.php?rest_route=%2Fwp%2Fv2%2Fmedia&parent=1671"}],"wp:term":[{"taxonomy":"category","embeddable":true,"href":"https:\/\/confederacionhipicadelcaribe.org\/index.php?rest_route=%2Fwp%2Fv2%2Fcategories&post=1671"},{"taxonomy":"post_tag","embeddable":true,"href":"https:\/\/confederacionhipicadelcaribe.org\/index.php?rest_route=%2Fwp%2Fv2%2Ftags&post=1671"}],"curies":[{"name":"wp","href":"https:\/\/api.w.org\/{rel}","templated":true}]}}