{"id":1694,"date":"2021-01-22T15:17:32","date_gmt":"2021-01-22T15:17:32","guid":{"rendered":"http:\/\/confederacionhipicadelcaribe.org\/?p=1694"},"modified":"2021-01-22T15:18:33","modified_gmt":"2021-01-22T15:18:33","slug":"alberto-paz-rodriguez-asume-la-presidencia-temporal-de-la-c-h-c","status":"publish","type":"post","link":"https:\/\/confederacionhipicadelcaribe.org\/?p=1694","title":{"rendered":"Alberto Paz Rodr\u00edguez asume la presidencia temporal de la C.H.C."},"content":{"rendered":"<p><a href=\"http:\/\/confederacionhipicadelcaribe.org\/wp-content\/uploads\/2021\/01\/Alberto-Paz-Droopy-Rodriguez.jpg\"><img loading=\"lazy\" decoding=\"async\" class=\"alignnone wp-image-1695 size-full\" src=\"http:\/\/confederacionhipicadelcaribe.org\/wp-content\/uploads\/2021\/01\/Alberto-Paz-Droopy-Rodriguez.jpg\" alt=\"Alberto-Paz-Droopy-Rodriguez\" width=\"1000\" height=\"668\" srcset=\"https:\/\/confederacionhipicadelcaribe.org\/wp-content\/uploads\/2021\/01\/Alberto-Paz-Droopy-Rodriguez.jpg 1000w, https:\/\/confederacionhipicadelcaribe.org\/wp-content\/uploads\/2021\/01\/Alberto-Paz-Droopy-Rodriguez-300x200.jpg 300w, https:\/\/confederacionhipicadelcaribe.org\/wp-content\/uploads\/2021\/01\/Alberto-Paz-Droopy-Rodriguez-449x300.jpg 449w\" sizes=\"auto, (max-width: 1000px) 100vw, 1000px\" \/><\/a><\/p>\n<p style=\"text-align: right\">Panam\u00e1, 20 de enero de 2021.<\/p>\n<p class=\"m_-2466954735844449201MsoNoSpacing\">Se\u00f1ores<\/p>\n<p class=\"m_-2466954735844449201MsoNoSpacing\"><span lang=\"ES-PA\">Miembros de la Confederaci\u00f3n<span style=\"text-decoration: underline\">\u00a0<\/span><\/span>H\u00edpica del Caribe<\/p>\n<p class=\"m_-2466954735844449201MsoNoSpacing\"><span lang=\"ES-PA\">Ciudad de Panam\u00e1<\/span><\/p>\n<p class=\"m_-2466954735844449201MsoNoSpacing\" style=\"text-align: justify\"><span lang=\"ES-PA\">Estimados se\u00f1ores:<\/span><\/p>\n<p class=\"m_-2466954735844449201MsoNoSpacing\" style=\"text-align: justify\">Quien suscribe, en su calidad de Secretario de la Confederaci\u00f3n H\u00edpica del Caribe y responsable de la Secretar\u00eda permanente de la organizaci\u00f3n, por este medio se les comunica a los miembros que, con motivo del sensible fallecimiento del Presidente de la confederaci\u00f3n, Sr. Hugo Albar\u00e1n Acosta, el Vice-Presidente, Sr. Alberto Paz Rodr\u00edguez, se encargar\u00e1 de la Presidencia por el resto del periodo actual hasta que se elija una nueva Junta Directiva prevista para la pr\u00f3xima reuni\u00f3n de la Asamblea General de la Confederaci\u00f3n H\u00edpica del Caribe para medio a\u00f1o.<\/p>\n<p class=\"m_-2466954735844449201MsoNoSpacing\" style=\"text-align: justify\">Atentos saludos,<\/p>\n<p class=\"m_-2466954735844449201MsoNoSpacing\">Jos\u00e9 Zaj\u00eda<\/p>\n<p class=\"m_-2466954735844449201MsoNoSpacing\"><span lang=\"ES-PA\">Secretario<\/span><\/p>\n<p class=\"m_-2466954735844449201MsoNoSpacing\"><span lang=\"ES-PA\">CONFEDERACI\u00d3N H\u00cdPICA DEL CARIBE<\/span><\/p>\n","protected":false},"excerpt":{"rendered":"<p>Panam\u00e1, 20 de enero de 2021. Se\u00f1ores Miembros de la Confederaci\u00f3n\u00a0H\u00edpica del Caribe Ciudad de Panam\u00e1 Estimados se\u00f1ores: Quien suscribe, en su calidad de Secretario de la Confederaci\u00f3n H\u00edpica del Caribe y responsable de la Secretar\u00eda permanente de la organizaci\u00f3n, &hellip; <a href=\"https:\/\/confederacionhipicadelcaribe.org\/?p=1694\">Sigue leyendo <span class=\"meta-nav\">&rarr;<\/span><\/a><\/p>\n","protected":false},"author":6,"featured_media":0,"comment_status":"closed","ping_status":"open","sticky":false,"template":"","format":"standard","meta":{"footnotes":""},"categories":[11],"tags":[],"class_list":["post-1694","post","type-post","status-publish","format-standard","hentry","category-serie-hipica-del-caribe-2013"],"_links":{"self":[{"href":"https:\/\/confederacionhipicadelcaribe.org\/index.php?rest_route=\/wp\/v2\/posts\/1694","targetHints":{"allow":["GET"]}}],"collection":[{"href":"https:\/\/confederacionhipicadelcaribe.org\/index.php?rest_route=\/wp\/v2\/posts"}],"about":[{"href":"https:\/\/confederacionhipicadelcaribe.org\/index.php?rest_route=\/wp\/v2\/types\/post"}],"author":[{"embeddable":true,"href":"https:\/\/confederacionhipicadelcaribe.org\/index.php?rest_route=\/wp\/v2\/users\/6"}],"replies":[{"embeddable":true,"href":"https:\/\/confederacionhipicadelcaribe.org\/index.php?rest_route=%2Fwp%2Fv2%2Fcomments&post=1694"}],"version-history":[{"count":3,"href":"https:\/\/confederacionhipicadelcaribe.org\/index.php?rest_route=\/wp\/v2\/posts\/1694\/revisions"}],"predecessor-version":[{"id":1698,"href":"https:\/\/confederacionhipicadelcaribe.org\/index.php?rest_route=\/wp\/v2\/posts\/1694\/revisions\/1698"}],"wp:attachment":[{"href":"https:\/\/confederacionhipicadelcaribe.org\/index.php?rest_route=%2Fwp%2Fv2%2Fmedia&parent=1694"}],"wp:term":[{"taxonomy":"category","embeddable":true,"href":"https:\/\/confederacionhipicadelcaribe.org\/index.php?rest_route=%2Fwp%2Fv2%2Fcategories&post=1694"},{"taxonomy":"post_tag","embeddable":true,"href":"https:\/\/confederacionhipicadelcaribe.org\/index.php?rest_route=%2Fwp%2Fv2%2Ftags&post=1694"}],"curies":[{"name":"wp","href":"https:\/\/api.w.org\/{rel}","templated":true}]}}