{"id":1706,"date":"2021-06-25T17:58:57","date_gmt":"2021-06-25T17:58:57","guid":{"rendered":"http:\/\/confederacionhipicadelcaribe.org\/?p=1706"},"modified":"2021-06-25T17:58:57","modified_gmt":"2021-06-25T17:58:57","slug":"escogido-puerto-rico-como-sede-de-la-serie-hipica-del-caribe-2021","status":"publish","type":"post","link":"https:\/\/confederacionhipicadelcaribe.org\/?p=1706","title":{"rendered":"Escogido Puerto Rico como sede de la Serie H\u00edpica del Caribe 2021"},"content":{"rendered":"<p style=\"font-weight: 400\"><a href=\"http:\/\/confederacionhipicadelcaribe.org\/wp-content\/uploads\/2021\/06\/18d35253-e0b0-41a8-9b59-f4eaea17acdb_1FBF49FA-5056-A36A-080D1AE8D9D6CEE5-1fbf48fb5056a36_1fbf4a55-5056-a36a-0886d756bd880502.jpg\"><img loading=\"lazy\" decoding=\"async\" class=\"aligncenter wp-image-1707 size-full\" src=\"http:\/\/confederacionhipicadelcaribe.org\/wp-content\/uploads\/2021\/06\/18d35253-e0b0-41a8-9b59-f4eaea17acdb_1FBF49FA-5056-A36A-080D1AE8D9D6CEE5-1fbf48fb5056a36_1fbf4a55-5056-a36a-0886d756bd880502.jpg\" alt=\"18d35253-e0b0-41a8-9b59-f4eaea17acdb_1FBF49FA-5056-A36A-080D1AE8D9D6CEE5-1fbf48fb5056a36_1fbf4a55-5056-a36a-0886d756bd880502\" width=\"800\" height=\"450\" srcset=\"https:\/\/confederacionhipicadelcaribe.org\/wp-content\/uploads\/2021\/06\/18d35253-e0b0-41a8-9b59-f4eaea17acdb_1FBF49FA-5056-A36A-080D1AE8D9D6CEE5-1fbf48fb5056a36_1fbf4a55-5056-a36a-0886d756bd880502.jpg 800w, https:\/\/confederacionhipicadelcaribe.org\/wp-content\/uploads\/2021\/06\/18d35253-e0b0-41a8-9b59-f4eaea17acdb_1FBF49FA-5056-A36A-080D1AE8D9D6CEE5-1fbf48fb5056a36_1fbf4a55-5056-a36a-0886d756bd880502-300x168.jpg 300w, https:\/\/confederacionhipicadelcaribe.org\/wp-content\/uploads\/2021\/06\/18d35253-e0b0-41a8-9b59-f4eaea17acdb_1FBF49FA-5056-A36A-080D1AE8D9D6CEE5-1fbf48fb5056a36_1fbf4a55-5056-a36a-0886d756bd880502-500x281.jpg 500w\" sizes=\"auto, (max-width: 800px) 100vw, 800px\" \/><\/a><\/p>\n<p style=\"font-weight: 400\">Por Joe Bruno Oficial de Prensa \/ Confederaci\u00f3n H\u00edpica Del.Caribe<\/p>\n<p style=\"font-weight: 400\">Puerto Rico fue seleccionado como sede de la Serie H\u00edpica Del Caribe por medio de votaci\u00f3n efectuada entre los pa\u00edses que componen la Confederaci\u00f3n H\u00edpica del Caribe efectuada este viernes de forma virtual.<\/p>\n<p style=\"font-weight: 400\">Los delegados de M\u00e9xico, Rep\u00fablica Dominicana, Panam\u00e1 y Puerto Rico votaron a favor de la celebraci\u00f3n del evento en el hip\u00f3dromo Camarero en diciembre pr\u00f3ximo.<\/p>\n<p style=\"font-weight: 400\">En la misma votaci\u00f3n Venezuela fue seleccionado como sede sustituta en caso de que Puerto Rico no pueda presentar el evento.<\/p>\n<p style=\"font-weight: 400\">La Serie H\u00edpica Del Caribe est\u00e1 compuesta por cinco eventos, entre ellos el Cl\u00e1sico Internacional del Caribe y las copas Confraternidad, Velocidad, Dama Del Caribe e Invitacional De Importados.<\/p>\n<p style=\"font-weight: 400\">La gerencia de Hip\u00f3dromo Camarero present\u00f3 como parte de su propuesta un aumento en la bolsa de premios de las carreras y la inclusi\u00f3n de una carrera adicional.<\/p>\n<p style=\"font-weight: 400\">\u201cContamos con los 500 mil d\u00f3lares que por ley est\u00e1n asignados, pero tendremos un aumento en 200 mil m\u00e1s para elevarlo a 700 mil\u201d, expres\u00f3 Ervin Rodr\u00edguez, presidente de la junta de directores de Hip\u00f3dromo Camarero.<\/p>\n<p style=\"font-weight: 400\">\u201cTendremos la inclusi\u00f3n como auspiciador de la empresa Scientific Games para la creaci\u00f3n de una carrera para yeguas de cuatro a\u00f1os y mayores nativas de los pa\u00edses en distancia de 1,800 metros y con premio de cien mil d\u00f3lares\u201d, a\u00f1adi\u00f3 Rodr\u00edguez.<\/p>\n<p style=\"font-weight: 400\">EL ejecutivo h\u00edpico se\u00f1al\u00f3 que el premio del Cl\u00e1sico Del Caribe se elevar\u00eda a $400 mil, la Copa Confraternidad a $150 mil y las copas Velocidad y Dama Del Caribe con una inyecci\u00f3n de $25 mil sumados a sus premios, que se acumulan por pago de nominaciones.<\/p>\n<p style=\"font-weight: 400\">Hip\u00f3dromo Camarero propuso las fechas del 4 y 5 de diciembre para la presentaci\u00f3n de la Serie H\u00edpica.<\/p>\n","protected":false},"excerpt":{"rendered":"<p>Por Joe Bruno Oficial de Prensa \/ Confederaci\u00f3n H\u00edpica Del.Caribe Puerto Rico fue seleccionado como sede de la Serie H\u00edpica Del Caribe por medio de votaci\u00f3n efectuada entre los pa\u00edses que componen la Confederaci\u00f3n H\u00edpica del Caribe efectuada este viernes &hellip; <a href=\"https:\/\/confederacionhipicadelcaribe.org\/?p=1706\">Sigue leyendo <span class=\"meta-nav\">&rarr;<\/span><\/a><\/p>\n","protected":false},"author":6,"featured_media":0,"comment_status":"closed","ping_status":"open","sticky":false,"template":"","format":"standard","meta":{"footnotes":""},"categories":[11],"tags":[],"class_list":["post-1706","post","type-post","status-publish","format-standard","hentry","category-serie-hipica-del-caribe-2013"],"_links":{"self":[{"href":"https:\/\/confederacionhipicadelcaribe.org\/index.php?rest_route=\/wp\/v2\/posts\/1706","targetHints":{"allow":["GET"]}}],"collection":[{"href":"https:\/\/confederacionhipicadelcaribe.org\/index.php?rest_route=\/wp\/v2\/posts"}],"about":[{"href":"https:\/\/confederacionhipicadelcaribe.org\/index.php?rest_route=\/wp\/v2\/types\/post"}],"author":[{"embeddable":true,"href":"https:\/\/confederacionhipicadelcaribe.org\/index.php?rest_route=\/wp\/v2\/users\/6"}],"replies":[{"embeddable":true,"href":"https:\/\/confederacionhipicadelcaribe.org\/index.php?rest_route=%2Fwp%2Fv2%2Fcomments&post=1706"}],"version-history":[{"count":1,"href":"https:\/\/confederacionhipicadelcaribe.org\/index.php?rest_route=\/wp\/v2\/posts\/1706\/revisions"}],"predecessor-version":[{"id":1708,"href":"https:\/\/confederacionhipicadelcaribe.org\/index.php?rest_route=\/wp\/v2\/posts\/1706\/revisions\/1708"}],"wp:attachment":[{"href":"https:\/\/confederacionhipicadelcaribe.org\/index.php?rest_route=%2Fwp%2Fv2%2Fmedia&parent=1706"}],"wp:term":[{"taxonomy":"category","embeddable":true,"href":"https:\/\/confederacionhipicadelcaribe.org\/index.php?rest_route=%2Fwp%2Fv2%2Fcategories&post=1706"},{"taxonomy":"post_tag","embeddable":true,"href":"https:\/\/confederacionhipicadelcaribe.org\/index.php?rest_route=%2Fwp%2Fv2%2Ftags&post=1706"}],"curies":[{"name":"wp","href":"https:\/\/api.w.org\/{rel}","templated":true}]}}