{"id":1726,"date":"2021-09-29T17:51:55","date_gmt":"2021-09-29T17:51:55","guid":{"rendered":"http:\/\/confederacionhipicadelcaribe.org\/?p=1726"},"modified":"2021-09-29T17:53:25","modified_gmt":"2021-09-29T17:53:25","slug":"hipodromo-camarero-tendra-renovadas-instalaciones-para-la-celebracion-de-la-serie-hipica-del-caribe-2021","status":"publish","type":"post","link":"https:\/\/confederacionhipicadelcaribe.org\/?p=1726","title":{"rendered":"Hip\u00f3dromo Camarero tendr\u00e1 renovadas instalaciones para la celebraci\u00f3n de la Serie H\u00edpica Del Caribe 2021"},"content":{"rendered":"<p><a href=\"http:\/\/confederacionhipicadelcaribe.org\/wp-content\/uploads\/2021\/09\/Hipodromo-Camarero.jpg\"><img loading=\"lazy\" decoding=\"async\" class=\"alignnone wp-image-1727 size-full\" src=\"http:\/\/confederacionhipicadelcaribe.org\/wp-content\/uploads\/2021\/09\/Hipodromo-Camarero.jpg\" alt=\"Hipodromo Camarero\" width=\"3742\" height=\"2136\" srcset=\"https:\/\/confederacionhipicadelcaribe.org\/wp-content\/uploads\/2021\/09\/Hipodromo-Camarero.jpg 3742w, https:\/\/confederacionhipicadelcaribe.org\/wp-content\/uploads\/2021\/09\/Hipodromo-Camarero-300x171.jpg 300w, https:\/\/confederacionhipicadelcaribe.org\/wp-content\/uploads\/2021\/09\/Hipodromo-Camarero-1024x584.jpg 1024w, https:\/\/confederacionhipicadelcaribe.org\/wp-content\/uploads\/2021\/09\/Hipodromo-Camarero-500x285.jpg 500w\" sizes=\"auto, (max-width: 3742px) 100vw, 3742px\" \/><\/a><\/p>\n<p><b><span lang=\"ES-PR\">CAN\u00d3VANAS, P.R. &#8211;\u00a0<\/span><\/b><span lang=\"ES-MX\">Hip\u00f3dromo Camarero anunci\u00f3 que este pr\u00f3ximo \u00a03 de diciembre se\u00a0<\/span><span lang=\"ES-PR\">convertir\u00e1 en el mejor centro de entretenimiento del \u00e1rea este, cuando reabra luego de la renovaci\u00f3n de sus instalaciones con una inversi\u00f3n de sobre $15 millones.\u00a0<\/span><\/p>\n<p><span lang=\"ES-PR\">As\u00ed lo inform\u00f3 Ervin Rodr\u00edguez V\u00e9lez, presidente y principal oficial ejecutivo de Camarero.<\/span><\/p>\n<p><span lang=\"ES-PR\">La empresa operadora planifica diversificar su oferta y adem\u00e1s de celebrar carreras de caballos en sus instalaciones, tambi\u00e9n celebrar\u00e1 conciertos, festivales, bailables, eventos deportivos variados, entre otros.<\/span><\/p>\n<p><span lang=\"ES-PR\">La nueva oferta albergar\u00e1 dos restaurantes, nueve barras, sal\u00f3n de actividades, suites VIP, tiendas, terrazas y un reacondicionado Club House.<\/span><\/p>\n<p><span lang=\"ES-MX\">\u00a0\u00a0\u00a0\u00a0\u00a0\u00a0\u00a0\u00a0 \u201cOperar exitosamente un hip\u00f3dromo de categor\u00eda mundial como lo es Camarero, requiere la diversificaci\u00f3n de sus ofrecimientos al p\u00fablico, como los mencionados anteriormente que implementaremos desde diciembre de este a\u00f1o y que incluye adem\u00e1s terrazas al aire libre para el disfrute y esparcimiento familiar\u00bb, expres\u00f3 Rodr\u00edguez V\u00e9lez<\/span><\/p>\n<p><span lang=\"ES-MX\">\u00a0\u00a0\u00a0\u00a0\u00a0\u00a0\u00a0\u00a0 Indic\u00f3 que los planes de inauguraci\u00f3n de las renovadas instalaciones este pr\u00f3ximo 3 de diciembre, coincide con la celebraci\u00f3n nuevamente del tan aclamado evento de noches de carreras o \u201cNight At The Races\u201d el primer viernes de cada mes, seguido en esta ocasi\u00f3n ese mismo fin de semana con la celebraci\u00f3n del mejor evento h\u00edpico, el Cl\u00e1sico Internacional Del Caribe los d\u00edas 4 y 5 de diciembre.<\/span><\/p>\n<p><span lang=\"ES-MX\">\u00a0\u00a0\u00a0\u00a0\u00a0\u00a0\u00a0\u00a0 En el evento participar\u00e1n los mejores caballos purasangres provenientes de\u00a0 Panam\u00e1, Venezuela, Republica Dominicana, Mexico, Jamaica, Ecuador, Trinidad y Tobago y Puerto Rico.<\/span><\/p>\n<p><span lang=\"ES-MX\">Para el mismo, el Comit\u00e9 Organizador nombr\u00f3 como parte de su equipo a Jennifer C\u00f3rdova, como Coordinadora de Proyectos Especiales y a Joe Bruno Ortiz como Director de Prensa y Contenido.<\/span><\/p>\n<p><span lang=\"ES-MX\">El\u00a0<\/span><span lang=\"ES-PR\">Presidente y Principal Oficial Ejecutivo de la empresa s<\/span><span lang=\"ES-MX\">ostuvo que el Grupo Camarero, propietario del \u00f3valo de Can\u00f3vanas, contin\u00faa demostrando de lo que es capaz el empresario puertorrique\u00f1o para operar un hip\u00f3dromo reconocido internacionalmente y adem\u00e1s, desarrollar proyectos beneficiosos para la econom\u00eda de Puerto Rico como los que anunciamos hoy.<\/span><\/p>\n<p><span lang=\"ES-MX\">\u00a0\u00a0\u00a0\u00a0\u00a0\u00a0\u00a0\u00a0 Rodr\u00edguez V\u00e9lez afirm\u00f3 que \u00abel Hip\u00f3dromo Camarero constituye el eje central sobre el cual se mueve la industria y el deporte h\u00edpico y hoy reafirmamos nuestro compromiso con su fortalecimiento y desarrollo para la preservaci\u00f3n de los cerca de 8,000 empleos directos e indirectos que genera\u201d.<\/span><\/p>\n<p><span lang=\"ES-MX\">\u00a0\u00a0\u00a0\u00a0\u00a0\u00a0\u00a0\u00a0 Explic\u00f3 que para cumplir su misi\u00f3n principal con la industria y el deporte h\u00edpico, la planificaci\u00f3n estrat\u00e9gica para el desarrollo de actividades futuras de Camarero y mejorar su condici\u00f3n econ\u00f3mica, toma en consideraci\u00f3n la competencia feroz por captar recaudos de apuestas de parte de otros juegos como la Loter\u00eda Electr\u00f3nica, loter\u00eda tradicional. tragamonedas y otros.<\/span><\/p>\n<p><span lang=\"ES-MX\">\u00abMantenemos una filosof\u00eda corporativa de puertas abiertas que conduce al clima de solidaridad de todos los componentes del deporte h\u00edpico que propicia mejores y mayores beneficios para todos\u00bb, reiter\u00f3 Rodr\u00edguez V\u00e9lez<\/span><span lang=\"ES-PR\">.<\/span><\/p>\n<p><span lang=\"ES-PR\">\u00a0\u00a0\u00a0\u00a0\u00a0\u00a0\u00a0\u00a0 Por tal motivo, agradeci\u00f3 por el apoyo\u00a0<\/span><span lang=\"ES-MX\">\u201ca mis compa\u00f1eros due\u00f1os de caballos, entrenadores, jinetes, criadores, mozos de cuadra, veterinarios, suplidores y a la Comisi\u00f3n de Juegos del Gobierno de Puerto Rico dirigida por el Sr. Orlando Rivera Carri\u00f3n por su aportaci\u00f3n valiosa desde sus respectivas responsabilidades, todos unidos para aunar esfuerzos con la Empresa Operadora en el logro de esta gesta gloriosa, de la cual todos nos debemos sentir orgullosos\u201d.<\/span><\/p>\n<p><span lang=\"ES-MX\">\u00a0\u00a0\u00a0\u00a0\u00a0\u00a0\u00a0\u00a0 Rodr\u00edguez V\u00e9lez destac\u00f3 que \u201cesta obra majestuosa que iniciamos es digna de ser apreciada por el pueblo puertorrique\u00f1o y en especial por esa fanaticada h\u00edpica que por los pasados 136 a\u00f1os se ha mantenido fiel, generaci\u00f3n tras generaci\u00f3n para preservar este deporte que le ha dado tanto lustre a la historia del deporte en general de Puerto Rico.\u201d<\/span><\/p>\n<p><span lang=\"ES-MX\">\u201cEl Grupo Camarero contin\u00faa demostrando de lo que es capaz, cuando ha tenido que batallar en uno de los escenarios m\u00e1s dif\u00edciles y cr\u00edticos para la econom\u00eda puertorrique\u00f1a. Hoy todos somos part\u00edcipes del continuado desarrollo y crecimiento de la Nueva Era del Hipismo Puertorrique\u00f1o que iniciamos con la adquisici\u00f3n de Hip\u00f3dromo Camarero en el 2007\u201d.<\/span><\/p>\n<p><span lang=\"ES-MX\">\u201cNuestro equipo ha realizado alianzas s\u00f3lidas con productores locales, cadenas televisivas, radio y prensa escrita invirtiendo sobre dos millones de d\u00f3lares al a\u00f1o en publicidad, estrategias creativas, presencia en medios, actividades masivas e innovadoras estrategias de exposici\u00f3n digital de nuestros productos y carreras posicionando la\u00a0 h\u00edpica como industria s\u00f3lida de apuestas y entretenimiento en la Isla y en otros pa\u00edses del Caribe que siguen nuestro hipismo\u201d; acot\u00f3 Rodr\u00edguez V\u00e9lez.<\/span><\/p>\n<p>29 de septiembre de 2021.<\/p>\n<p>INFORMACION:\u00a0 Mar\u00eda C. Mari, Vicepresidenta<\/p>\n<div><span lang=\"ES-PR\">\u00a0\u00a0\u00a0\u00a0\u00a0\u00a0\u00a0\u00a0\u00a0\u00a0\u00a0\u00a0\u00a0\u00a0\u00a0\u00a0\u00a0\u00a0\u00a0\u00a0\u00a0\u00a0\u00a0\u00a0\u00a0\u00a0\u00a0 Proyectos Especiales Hip\u00f3dromo Camarero\u00a0\u00a0\u00a0\u00a0\u00a0\u00a0\u00a0\u00a0\u00a0 \u00a0\u00a0\u00a0\u00a0\u00a0\u00a0\u00a0\u00a0\u00a0\u00a0\u00a0\u00a0\u00a0\u00a0\u00a0\u00a0\u00a0\u00a0\u00a0\u00a0\u00a0\u00a0\u00a0\u00a0\u00a0\u00a0\u00a0\u00a0\u00a0\u00a0\u00a0\u00a0\u00a0\u00a0\u00a0\u00a0<\/span><\/div>\n<div><span lang=\"ES-PR\">\u00a0\u00a0\u00a0\u00a0\u00a0\u00a0\u00a0\u00a0\u00a0\u00a0\u00a0\u00a0\u00a0\u00a0\u00a0\u00a0\u00a0\u00a0\u00a0\u00a0\u00a0\u00a0\u00a0\u00a0\u00a0\u00a0\u00a0\u00a0Tel. 939-216-7997<\/span><\/div>\n<p><span lang=\"ES-PR\">\u00a0 \u00a0 \u00a0 \u00a0 \u00a0 \u00a0 \u00a0 \u00a0 \u00a0 \u00a0 \u00a0 \u00a0 \u00a0 \u00a0 E mail:\u00a0\u00a0\u00a0\u00a0<\/span><a href=\"mailto:mariacmari@camareroracepr.com\" target=\"_blank\" rel=\"nofollow\"><span lang=\"ES-PR\">mariacmari@camareroracepr.com<\/span><\/a><\/p>\n<p><span lang=\"ES-PR\">\u00a0<\/span>\u00a0 \u00a0 \u00a0 \u00a0 \u00a0 \u00a0 \u00a0 \u00a0 \u00a0 \u00a0 \u00a0 \u00a0 \u00a0 \u00a0 Juan \u00abTato\u00bb Ramos y L\u00f3pez<\/p>\n<p><span lang=\"ES-PR\">\u00a0\u00a0\u00a0\u00a0\u00a0\u00a0\u00a0\u00a0\u00a0\u00a0\u00a0\u00a0\u00a0\u00a0\u00a0\u00a0\u00a0\u00a0\u00a0\u00a0\u00a0\u00a0\u00a0\u00a0\u00a0\u00a0\u00a0\u00a0<\/span><span lang=\"ES-MX\">Tel.\u00a0 (787) 383-9269<\/span><\/p>\n<p><span lang=\"ES-MX\">\u00a0\u00a0\u00a0\u00a0\u00a0\u00a0\u00a0\u00a0\u00a0\u00a0\u00a0\u00a0\u00a0\u00a0\u00a0\u00a0\u00a0\u00a0\u00a0\u00a0\u00a0\u00a0\u00a0\u00a0\u00a0\u00a0\u00a0\u00a0\u00a0E Mail:\u00a0\u00a0\u00a0\u00a0<\/span><a href=\"mailto:tatoramosylopez@gmail.com\" target=\"_blank\" rel=\"nofollow\"><span lang=\"ES-MX\">tatoramosylopez@gmail.com<\/span><\/a><\/p>\n<p><span lang=\"ES-MX\">\u00a0<\/span><span lang=\"ES-MX\">\u00a0 \u00a0 \u00a0 \u00a0 \u00a0 \u00a0 \u00a0 \u00a0 \u00a0 \u00a0 \u00a0 \u00a0 \u00a0 \u00a0Jennifer C\u00f3rdova<\/span>\u00a0 Tel. (787) 406-8673<span lang=\"ES-MX\">\u00a0 {<\/span><\/p>\n<p><span lang=\"ES-MX\">\u00a0 \u00a0 \u00a0 \u00a0 \u00a0 \u00a0 \u00a0 \u00a0 \u00a0 \u00a0 \u00a0 \u00a0 \u00a0 \u00a0E Mail:\u00a0<\/span><a href=\"mailto:jcordova@camareroracepr.com\" target=\"_blank\" rel=\"nofollow\"><span lang=\"ES-MX\">jcordova@camareroracepr.com<\/span><\/a><\/p>\n<p><span lang=\"ES-MX\">\u00a0<\/span><span lang=\"ES-MX\">\u00a0 \u00a0 \u00a0 \u00a0 \u00a0 \u00a0 \u00a0 \u00a0 \u00a0 \u00a0 \u00a0 \u00a0 \u00a0 \u00a0Joe Bruno Ortiz<\/span>\u00a0Tel. (787) 354-1964<\/p>\n<p><span lang=\"ES-MX\">\u00a0\u00a0\u00a0\u00a0\u00a0\u00a0\u00a0\u00a0\u00a0\u00a0\u00a0\u00a0\u00a0\u00a0\u00a0\u00a0\u00a0\u00a0\u00a0\u00a0\u00a0\u00a0\u00a0\u00a0\u00a0\u00a0 E Mail:\u00a0<\/span><a href=\"mailto:prensacaribe2021@yahoo.com\" target=\"_blank\" rel=\"nofollow\"><span lang=\"ES-MX\">prensacaribe2021@yahoo.com<\/span><\/a><\/p>\n","protected":false},"excerpt":{"rendered":"<p>CAN\u00d3VANAS, P.R. &#8211;\u00a0Hip\u00f3dromo Camarero anunci\u00f3 que este pr\u00f3ximo \u00a03 de diciembre se\u00a0convertir\u00e1 en el mejor centro de entretenimiento del \u00e1rea este, cuando reabra luego de la renovaci\u00f3n de sus instalaciones con una inversi\u00f3n de sobre $15 millones.\u00a0 As\u00ed lo inform\u00f3 &hellip; <a href=\"https:\/\/confederacionhipicadelcaribe.org\/?p=1726\">Sigue leyendo <span class=\"meta-nav\">&rarr;<\/span><\/a><\/p>\n","protected":false},"author":6,"featured_media":0,"comment_status":"closed","ping_status":"open","sticky":false,"template":"","format":"standard","meta":{"footnotes":""},"categories":[11],"tags":[],"class_list":["post-1726","post","type-post","status-publish","format-standard","hentry","category-serie-hipica-del-caribe-2013"],"_links":{"self":[{"href":"https:\/\/confederacionhipicadelcaribe.org\/index.php?rest_route=\/wp\/v2\/posts\/1726","targetHints":{"allow":["GET"]}}],"collection":[{"href":"https:\/\/confederacionhipicadelcaribe.org\/index.php?rest_route=\/wp\/v2\/posts"}],"about":[{"href":"https:\/\/confederacionhipicadelcaribe.org\/index.php?rest_route=\/wp\/v2\/types\/post"}],"author":[{"embeddable":true,"href":"https:\/\/confederacionhipicadelcaribe.org\/index.php?rest_route=\/wp\/v2\/users\/6"}],"replies":[{"embeddable":true,"href":"https:\/\/confederacionhipicadelcaribe.org\/index.php?rest_route=%2Fwp%2Fv2%2Fcomments&post=1726"}],"version-history":[{"count":2,"href":"https:\/\/confederacionhipicadelcaribe.org\/index.php?rest_route=\/wp\/v2\/posts\/1726\/revisions"}],"predecessor-version":[{"id":1729,"href":"https:\/\/confederacionhipicadelcaribe.org\/index.php?rest_route=\/wp\/v2\/posts\/1726\/revisions\/1729"}],"wp:attachment":[{"href":"https:\/\/confederacionhipicadelcaribe.org\/index.php?rest_route=%2Fwp%2Fv2%2Fmedia&parent=1726"}],"wp:term":[{"taxonomy":"category","embeddable":true,"href":"https:\/\/confederacionhipicadelcaribe.org\/index.php?rest_route=%2Fwp%2Fv2%2Fcategories&post=1726"},{"taxonomy":"post_tag","embeddable":true,"href":"https:\/\/confederacionhipicadelcaribe.org\/index.php?rest_route=%2Fwp%2Fv2%2Ftags&post=1726"}],"curies":[{"name":"wp","href":"https:\/\/api.w.org\/{rel}","templated":true}]}}