{"id":1735,"date":"2021-10-23T19:52:40","date_gmt":"2021-10-23T19:52:40","guid":{"rendered":"http:\/\/confederacionhipicadelcaribe.org\/?p=1735"},"modified":"2021-10-28T19:58:45","modified_gmt":"2021-10-28T19:58:45","slug":"emisael-jaramillo-buscara-su-sexto-triunfo-en-el-clasico-del-caribe","status":"publish","type":"post","link":"https:\/\/confederacionhipicadelcaribe.org\/?p=1735","title":{"rendered":"Emisael Jaramillo buscar\u00e1 su sexto triunfo en el Cl\u00e1sico del Caribe con SANDOVALERA"},"content":{"rendered":"<p><a href=\"http:\/\/confederacionhipicadelcaribe.org\/wp-content\/uploads\/2021\/10\/Screenshot_20211027-085615_Gmail-800x445.jpg\"><img loading=\"lazy\" decoding=\"async\" class=\"alignnone wp-image-1736 size-full\" src=\"http:\/\/confederacionhipicadelcaribe.org\/wp-content\/uploads\/2021\/10\/Screenshot_20211027-085615_Gmail-800x445.jpg\" alt=\"Screenshot_20211027-085615_Gmail-800x445\" width=\"800\" height=\"445\" srcset=\"https:\/\/confederacionhipicadelcaribe.org\/wp-content\/uploads\/2021\/10\/Screenshot_20211027-085615_Gmail-800x445.jpg 800w, https:\/\/confederacionhipicadelcaribe.org\/wp-content\/uploads\/2021\/10\/Screenshot_20211027-085615_Gmail-800x445-300x166.jpg 300w, https:\/\/confederacionhipicadelcaribe.org\/wp-content\/uploads\/2021\/10\/Screenshot_20211027-085615_Gmail-800x445-500x278.jpg 500w\" sizes=\"auto, (max-width: 800px) 100vw, 800px\" \/><\/a><\/p>\n<p><strong>El destacado jinete venezolano montar\u00e1 a la tresa\u00f1era Sandovalera en la carrera principal de la Serie H\u00edpica Del Caribe 2021<\/strong><\/p>\n<p><strong>CAN\u00d3VANAS, P.R. (Joe Bruno). \u2013\u00a0<\/strong>El destacado jinete venezolano Emisael Jaramillo tendr\u00e1 una nueva oportunidad de extender su dominio como el m\u00e1s ganador en la historia del Cl\u00e1sico Internacional Del Caribe, cuando diga presente nuevamente en la versi\u00f3n de este a\u00f1o.<\/p>\n<p>El propio Jaramillo dio a conocer el martes a trav\u00e9s de su cuenta de Twitter que montar\u00e1 a la campeona tresa\u00f1era Sandovalera en la principal carrera de la Serie H\u00edpica Del Caribe, a celebrarse el 4 y 5 de diciembre pr\u00f3ximo en el hip\u00f3dromo Camarero.<\/p>\n<p>Sandovalera, una hija de King Seraf en Rufvalle, criada en Haras La Orlyana y propiedad del Stud San Ros, se presentar\u00e1 al Derby Caribe\u00f1o invicta en nueve salidas en el hip\u00f3dromo La Rinconada, de Caracas, Venezuela.<\/p>\n<p>Es ganadora de la Triple Corona para potrancas contando con victorias en distancia tan larga como de 2,400 metros. Su resum\u00e9 incluye adem\u00e1s un triunfo ante los mejores potros tresa\u00f1eros en el cl\u00e1sico Prensa H\u00edpica Nacional, segundo de la Triple Corona para machos.<\/p>\n<p>\u201cGracias a Dios y a los propietarios venezolanos, due\u00f1os de la yegua Sandovalera, por su confianza. Es oficial, nos vemos en Puerto Rico para representar mi pa\u00eds. Las dudas disipadas. Arriba Venezuela\u201d, public\u00f3 Jaramillo, uno de los m\u00e1s destacados en la historia h\u00edpica venezolana.<\/p>\n<p>Ese \u00e9xito que tuvo activo en su pa\u00eds lo llev\u00f3 a trascender hacia la h\u00edpica caribe\u00f1a convirti\u00e9ndose en el m\u00e1s ganador del Cl\u00e1sico Del Caribe con cinco triunfos, su primero en 2000 sobre My Own Business.<\/p>\n<p>M\u00e1s adelante gan\u00f3 la edici\u00f3n de 2010 con Water Jet, 2011 sobre Heisenberg, 2012 con El De Chin\u00e9 y 2014 sobre Ninfa Del Cielo.<\/p>\n<p>Jaramillo adem\u00e1s es ganador en tres ocasiones de la Copa Confraternidad. Su primer triunfo lo consigui\u00f3 en 2000 sobre High Security. Luego domin\u00f3 las ediciones de 2002 y 2007 con My Own Business y Gran Estefan\u00eda, respectivamente.<\/p>\n<p>Tambi\u00e9n cuenta con siete victorias en otros eventos de la Serie H\u00edpica distribu\u00eddas en cuatro veces la Copa Velocidad, dos veces la Copa Dama Del Caribe y un triunfo en la Copa Invitacional de Importados.<\/p>\n<p>Foto; Coglianese Photo \/ Gulfstream Park<\/p>\n","protected":false},"excerpt":{"rendered":"<p>El destacado jinete venezolano montar\u00e1 a la tresa\u00f1era Sandovalera en la carrera principal de la Serie H\u00edpica Del Caribe 2021 CAN\u00d3VANAS, P.R. (Joe Bruno). \u2013\u00a0El destacado jinete venezolano Emisael Jaramillo tendr\u00e1 una nueva oportunidad de extender su dominio como el &hellip; <a href=\"https:\/\/confederacionhipicadelcaribe.org\/?p=1735\">Sigue leyendo <span class=\"meta-nav\">&rarr;<\/span><\/a><\/p>\n","protected":false},"author":6,"featured_media":0,"comment_status":"closed","ping_status":"open","sticky":false,"template":"","format":"standard","meta":{"footnotes":""},"categories":[11],"tags":[],"class_list":["post-1735","post","type-post","status-publish","format-standard","hentry","category-serie-hipica-del-caribe-2013"],"_links":{"self":[{"href":"https:\/\/confederacionhipicadelcaribe.org\/index.php?rest_route=\/wp\/v2\/posts\/1735","targetHints":{"allow":["GET"]}}],"collection":[{"href":"https:\/\/confederacionhipicadelcaribe.org\/index.php?rest_route=\/wp\/v2\/posts"}],"about":[{"href":"https:\/\/confederacionhipicadelcaribe.org\/index.php?rest_route=\/wp\/v2\/types\/post"}],"author":[{"embeddable":true,"href":"https:\/\/confederacionhipicadelcaribe.org\/index.php?rest_route=\/wp\/v2\/users\/6"}],"replies":[{"embeddable":true,"href":"https:\/\/confederacionhipicadelcaribe.org\/index.php?rest_route=%2Fwp%2Fv2%2Fcomments&post=1735"}],"version-history":[{"count":3,"href":"https:\/\/confederacionhipicadelcaribe.org\/index.php?rest_route=\/wp\/v2\/posts\/1735\/revisions"}],"predecessor-version":[{"id":1749,"href":"https:\/\/confederacionhipicadelcaribe.org\/index.php?rest_route=\/wp\/v2\/posts\/1735\/revisions\/1749"}],"wp:attachment":[{"href":"https:\/\/confederacionhipicadelcaribe.org\/index.php?rest_route=%2Fwp%2Fv2%2Fmedia&parent=1735"}],"wp:term":[{"taxonomy":"category","embeddable":true,"href":"https:\/\/confederacionhipicadelcaribe.org\/index.php?rest_route=%2Fwp%2Fv2%2Fcategories&post=1735"},{"taxonomy":"post_tag","embeddable":true,"href":"https:\/\/confederacionhipicadelcaribe.org\/index.php?rest_route=%2Fwp%2Fv2%2Ftags&post=1735"}],"curies":[{"name":"wp","href":"https:\/\/api.w.org\/{rel}","templated":true}]}}