{"id":1751,"date":"2021-10-31T15:01:43","date_gmt":"2021-10-31T15:01:43","guid":{"rendered":"http:\/\/confederacionhipicadelcaribe.org\/?p=1751"},"modified":"2021-11-12T15:18:36","modified_gmt":"2021-11-12T15:18:36","slug":"tamborero-se-consolida-por-puerto-rico-para-el-clasico-internacional-del-caribe","status":"publish","type":"post","link":"https:\/\/confederacionhipicadelcaribe.org\/?p=1751","title":{"rendered":"Tamborero se consolida por Puerto Rico para el Cl\u00e1sico Internacional Del Caribe"},"content":{"rendered":"<p><a href=\"http:\/\/confederacionhipicadelcaribe.org\/wp-content\/uploads\/2021\/11\/Tamborero_ClAntonioMongilJr_2021.jpg\"><img loading=\"lazy\" decoding=\"async\" class=\"alignnone wp-image-1752 size-full\" src=\"http:\/\/confederacionhipicadelcaribe.org\/wp-content\/uploads\/2021\/11\/Tamborero_ClAntonioMongilJr_2021.jpg\" alt=\"Tamborero_ClAntonioMongilJr_2021\" width=\"1773\" height=\"1266\" srcset=\"https:\/\/confederacionhipicadelcaribe.org\/wp-content\/uploads\/2021\/11\/Tamborero_ClAntonioMongilJr_2021.jpg 1773w, https:\/\/confederacionhipicadelcaribe.org\/wp-content\/uploads\/2021\/11\/Tamborero_ClAntonioMongilJr_2021-300x214.jpg 300w, https:\/\/confederacionhipicadelcaribe.org\/wp-content\/uploads\/2021\/11\/Tamborero_ClAntonioMongilJr_2021-1024x731.jpg 1024w, https:\/\/confederacionhipicadelcaribe.org\/wp-content\/uploads\/2021\/11\/Tamborero_ClAntonioMongilJr_2021-420x300.jpg 420w\" sizes=\"auto, (max-width: 1773px) 100vw, 1773px\" \/><\/a><\/p>\n<p dir=\"ltr\">CAN\u00d3VANAS, P.R. (Joe Bruno)- El tresa\u00f1ero Tamborero se consolid\u00f3 el domingo como el segundo clasificado por Puerto Rico para participar en la edici\u00f3n 53 del Cl\u00e1sico Del Caribe, al imponerse en el cl\u00e1sico Antonio Mongil Jr, segundo de selecci\u00f3n para la prueba internacional a celebrarse el 5 de diciembre en el hip\u00f3dromo Camarero.<\/p>\n<p dir=\"ltr\">Tamborero, propiedad del establo Sonata y entrenado por Ram\u00f3n Morales, fue montado por Juan Carlos D\u00edaz.<\/p>\n<p dir=\"ltr\">El hijo del semental Console en la yegua Classy Heroine, criado en Potrero Los Llanos, cronometr\u00f3 1:54.43 para la distancia de 1,800 metros y con su victoria acumul\u00f3 nueve puntos m\u00e1s para un total de 18, en el sistema clasificatorio.<\/p>\n<p dir=\"ltr\">Una vez dieron la salida, el ejemplar Pushi Puente lider\u00f3 los primeros 800 metros de la prueba corriendo por los carriles exteriores con parciales de 25:60 y 51:50.<\/p>\n<p dir=\"ltr\">Sin embargo, Tamborero nunca estuvo a m\u00e1s de un cuerpo de la delantera y lleg\u00f3 a emparejarse con Pushi Puente cuando restaban 600 metros para el final. En ese punto, Imparable, logr\u00f3 colarse junto a la baranda interior para unirse a la lucha por la delantera.<\/p>\n<p dir=\"ltr\">En los \u00faltimos 400 metros Tamborero impuso su velocidad al ser exigido por su jinete y se despeg\u00f3 definitivamente del grupo para reclamar el triunfo por seis cuerpos de ventaja y parciales de 1:15.50, 1:40.64 y 1:54.43. Imparable arrib\u00f3 en la segunda posici\u00f3n acumulando ocho puntos para la clasificaci\u00f3n mientras El Gran Mickey finaliz\u00f3 tercero.<\/p>\n<p dir=\"ltr\">Con su victoria de este domingo, Tamborero logra su segunda en una prueba importante y su sexta en seis presentaciones, incluyendo un segundo puesto. Tamborero hab\u00eda ganado el cl\u00e1sico Antonio Fern\u00e1ndez Castrill\u00f3n el pasado 3 de octubre.<\/p>\n<p dir=\"ltr\">El preparador Ram\u00f3n Morales dijo que Tamborero sigue mejorando seg\u00fan avanza seg\u00fan se acerca su gran compromiso de diciembre.<\/p>\n<p dir=\"ltr\">\u201cCada vez que corre el ejemplar yo entiendo que est\u00e1 asumiendo mucha m\u00e1s seriedad y est\u00e1 ganando mucha m\u00e1s condici\u00f3n y me impresiona la forma en que lo est\u00e1 haciendo\u201d, expres\u00f3 Morales.<\/p>\n","protected":false},"excerpt":{"rendered":"<p>CAN\u00d3VANAS, P.R. (Joe Bruno)- El tresa\u00f1ero Tamborero se consolid\u00f3 el domingo como el segundo clasificado por Puerto Rico para participar en la edici\u00f3n 53 del Cl\u00e1sico Del Caribe, al imponerse en el cl\u00e1sico Antonio Mongil Jr, segundo de selecci\u00f3n para &hellip; <a href=\"https:\/\/confederacionhipicadelcaribe.org\/?p=1751\">Sigue leyendo <span class=\"meta-nav\">&rarr;<\/span><\/a><\/p>\n","protected":false},"author":6,"featured_media":0,"comment_status":"closed","ping_status":"open","sticky":false,"template":"","format":"standard","meta":{"footnotes":""},"categories":[11],"tags":[],"class_list":["post-1751","post","type-post","status-publish","format-standard","hentry","category-serie-hipica-del-caribe-2013"],"_links":{"self":[{"href":"https:\/\/confederacionhipicadelcaribe.org\/index.php?rest_route=\/wp\/v2\/posts\/1751","targetHints":{"allow":["GET"]}}],"collection":[{"href":"https:\/\/confederacionhipicadelcaribe.org\/index.php?rest_route=\/wp\/v2\/posts"}],"about":[{"href":"https:\/\/confederacionhipicadelcaribe.org\/index.php?rest_route=\/wp\/v2\/types\/post"}],"author":[{"embeddable":true,"href":"https:\/\/confederacionhipicadelcaribe.org\/index.php?rest_route=\/wp\/v2\/users\/6"}],"replies":[{"embeddable":true,"href":"https:\/\/confederacionhipicadelcaribe.org\/index.php?rest_route=%2Fwp%2Fv2%2Fcomments&post=1751"}],"version-history":[{"count":1,"href":"https:\/\/confederacionhipicadelcaribe.org\/index.php?rest_route=\/wp\/v2\/posts\/1751\/revisions"}],"predecessor-version":[{"id":1753,"href":"https:\/\/confederacionhipicadelcaribe.org\/index.php?rest_route=\/wp\/v2\/posts\/1751\/revisions\/1753"}],"wp:attachment":[{"href":"https:\/\/confederacionhipicadelcaribe.org\/index.php?rest_route=%2Fwp%2Fv2%2Fmedia&parent=1751"}],"wp:term":[{"taxonomy":"category","embeddable":true,"href":"https:\/\/confederacionhipicadelcaribe.org\/index.php?rest_route=%2Fwp%2Fv2%2Fcategories&post=1751"},{"taxonomy":"post_tag","embeddable":true,"href":"https:\/\/confederacionhipicadelcaribe.org\/index.php?rest_route=%2Fwp%2Fv2%2Ftags&post=1751"}],"curies":[{"name":"wp","href":"https:\/\/api.w.org\/{rel}","templated":true}]}}