{"id":1757,"date":"2021-11-04T15:07:18","date_gmt":"2021-11-04T15:07:18","guid":{"rendered":"http:\/\/confederacionhipicadelcaribe.org\/?p=1757"},"modified":"2021-11-12T15:07:43","modified_gmt":"2021-11-12T15:07:43","slug":"todo-listo-en-la-cuarentena-federal-para-recibir-ejemplares-participantes-en-la-serie-hipica-del-caribe","status":"publish","type":"post","link":"https:\/\/confederacionhipicadelcaribe.org\/?p=1757","title":{"rendered":"TODO LISTO EN LA CUARENTENA FEDERAL PARA RECIBIR EJEMPLARES PARTICIPANTES EN LA SERIE H\u00cdPICA DEL CARIBE"},"content":{"rendered":"<p style=\"text-align: left\" align=\"right\"><a href=\"http:\/\/confederacionhipicadelcaribe.org\/wp-content\/uploads\/2021\/11\/Cuarentena-Federal-1.jpg\"><img loading=\"lazy\" decoding=\"async\" class=\"alignnone wp-image-1758 size-large\" src=\"http:\/\/confederacionhipicadelcaribe.org\/wp-content\/uploads\/2021\/11\/Cuarentena-Federal-1-1024x576.jpg\" alt=\"Cuarentena Federal 1\" width=\"584\" height=\"328\" srcset=\"https:\/\/confederacionhipicadelcaribe.org\/wp-content\/uploads\/2021\/11\/Cuarentena-Federal-1-1024x576.jpg 1024w, https:\/\/confederacionhipicadelcaribe.org\/wp-content\/uploads\/2021\/11\/Cuarentena-Federal-1-300x168.jpg 300w, https:\/\/confederacionhipicadelcaribe.org\/wp-content\/uploads\/2021\/11\/Cuarentena-Federal-1-500x281.jpg 500w\" sizes=\"auto, (max-width: 584px) 100vw, 584px\" \/><\/a><\/p>\n<p style=\"text-align: left\" align=\"right\"><b><span lang=\"ES-PR\">CANOVANAS, P.R. (Joe Bruno) &#8211;\u00a0<\/span><\/b><span lang=\"ES-PR\">La llegada de los ejemplares participantes en la Serie H\u00edpica Del Caribe, que provengan de M\u00e9xico, Venezuela, Panam\u00e1, Ecuador y Rep\u00fablica Dominicana est\u00e1 prevista para este fin de semana y ya la cuadra de Cuarentena Federal est\u00e1 lista para recibirlos.<\/span><\/p>\n<p><span lang=\"ES-PR\">La misma est\u00e1 ubicada en las instalaciones de Hacienda Siesta Alegre, donde se estableci\u00f3 en 2014 convirti\u00e9ndose en el primer centro en todo el Caribe certificado por el Departamento de Agricultura tanto Estatal como Federal.<\/span><\/p>\n<p><a href=\"http:\/\/confederacionhipicadelcaribe.org\/wp-content\/uploads\/2021\/11\/Cuarentena-Federal-2.jpg\"><img loading=\"lazy\" decoding=\"async\" class=\"alignnone wp-image-1759 size-full\" src=\"http:\/\/confederacionhipicadelcaribe.org\/wp-content\/uploads\/2021\/11\/Cuarentena-Federal-2.jpg\" alt=\"Cuarentena Federal 2\" width=\"4000\" height=\"2252\" srcset=\"https:\/\/confederacionhipicadelcaribe.org\/wp-content\/uploads\/2021\/11\/Cuarentena-Federal-2.jpg 4000w, https:\/\/confederacionhipicadelcaribe.org\/wp-content\/uploads\/2021\/11\/Cuarentena-Federal-2-300x168.jpg 300w, https:\/\/confederacionhipicadelcaribe.org\/wp-content\/uploads\/2021\/11\/Cuarentena-Federal-2-1024x576.jpg 1024w, https:\/\/confederacionhipicadelcaribe.org\/wp-content\/uploads\/2021\/11\/Cuarentena-Federal-2-500x281.jpg 500w\" sizes=\"auto, (max-width: 4000px) 100vw, 4000px\" \/><\/a><\/p>\n<p><span lang=\"ES-PR\">Fue desarrollada con el apoyo del Departamento de Desarrollo Econ\u00f3mico y Comercio de Puerto Rico y con una inversi\u00f3n de $500 mil. Cuenta con espacio para albergar m\u00e1s de 50 ejemplares, sala de necropsia y de enfermer\u00eda, entre otras utilidades.<\/span><\/p>\n<p><span lang=\"ES-PR\">\u00abLos servicios veterinarios y de cuarentena est\u00e1n a cargo del Departamento de Agricultura Federal. Todos los caballos recibir\u00e1n el mejor cuidado y la mayor atenci\u00f3n dentro de los param\u00e9tros establecidos\u00bb, expres\u00f3 Greg Jackson, administrador y propietario de Hacienda Siesta Alegre.<\/span><\/p>\n<p><a href=\"http:\/\/confederacionhipicadelcaribe.org\/wp-content\/uploads\/2021\/11\/Cuarentena-Federal-3.jpg\"><img loading=\"lazy\" decoding=\"async\" class=\"alignnone wp-image-1760 size-full\" src=\"http:\/\/confederacionhipicadelcaribe.org\/wp-content\/uploads\/2021\/11\/Cuarentena-Federal-3.jpg\" alt=\"Cuarentena Federal 3\" width=\"4000\" height=\"2252\" srcset=\"https:\/\/confederacionhipicadelcaribe.org\/wp-content\/uploads\/2021\/11\/Cuarentena-Federal-3.jpg 4000w, https:\/\/confederacionhipicadelcaribe.org\/wp-content\/uploads\/2021\/11\/Cuarentena-Federal-3-300x168.jpg 300w, https:\/\/confederacionhipicadelcaribe.org\/wp-content\/uploads\/2021\/11\/Cuarentena-Federal-3-1024x576.jpg 1024w, https:\/\/confederacionhipicadelcaribe.org\/wp-content\/uploads\/2021\/11\/Cuarentena-Federal-3-500x281.jpg 500w\" sizes=\"auto, (max-width: 4000px) 100vw, 4000px\" \/><\/a><\/p>\n<p><span lang=\"ES-PR\">\u00abLos trabajos aqu\u00ed se realizan bajo estrictas medidas de seguridad sanitaria establecidas por las autoridades federales. Los caballos deber\u00e1n permanecer siete d\u00edas de cuarentena aqu\u00ed antes de ser llevados al hip\u00f3dromo Camarero\u00bb, a\u00f1adi\u00f3 Jackson.<\/span><\/p>\n<p><a href=\"http:\/\/confederacionhipicadelcaribe.org\/wp-content\/uploads\/2021\/11\/Cuarentena-Federal-4.jpg\"><img loading=\"lazy\" decoding=\"async\" class=\"alignnone wp-image-1761 size-large\" src=\"http:\/\/confederacionhipicadelcaribe.org\/wp-content\/uploads\/2021\/11\/Cuarentena-Federal-4-1024x576.jpg\" alt=\"Cuarentena Federal 4\" width=\"584\" height=\"328\" srcset=\"https:\/\/confederacionhipicadelcaribe.org\/wp-content\/uploads\/2021\/11\/Cuarentena-Federal-4-1024x576.jpg 1024w, https:\/\/confederacionhipicadelcaribe.org\/wp-content\/uploads\/2021\/11\/Cuarentena-Federal-4-300x168.jpg 300w, https:\/\/confederacionhipicadelcaribe.org\/wp-content\/uploads\/2021\/11\/Cuarentena-Federal-4-500x281.jpg 500w\" sizes=\"auto, (max-width: 584px) 100vw, 584px\" \/><\/a><\/p>\n<p><span lang=\"ES-PR\">Se espera los ejemplares de Venezuela y Rep\u00fablica Dominicana arriben a Puerto Rico este viernes desde el aeropuerto de Santo Domingo, a donde los venezolanos llegar\u00e1n y ser\u00e1n embarcados en tres vuelos diferentes.<\/span><\/p>\n<p><a href=\"http:\/\/confederacionhipicadelcaribe.org\/wp-content\/uploads\/2021\/11\/Cuarentena-Federal-5.jpg\"><img loading=\"lazy\" decoding=\"async\" class=\"alignnone wp-image-1762 size-full\" src=\"http:\/\/confederacionhipicadelcaribe.org\/wp-content\/uploads\/2021\/11\/Cuarentena-Federal-5.jpg\" alt=\"Cuarentena Federal 5\" width=\"4000\" height=\"2252\" srcset=\"https:\/\/confederacionhipicadelcaribe.org\/wp-content\/uploads\/2021\/11\/Cuarentena-Federal-5.jpg 4000w, https:\/\/confederacionhipicadelcaribe.org\/wp-content\/uploads\/2021\/11\/Cuarentena-Federal-5-300x168.jpg 300w, https:\/\/confederacionhipicadelcaribe.org\/wp-content\/uploads\/2021\/11\/Cuarentena-Federal-5-1024x576.jpg 1024w, https:\/\/confederacionhipicadelcaribe.org\/wp-content\/uploads\/2021\/11\/Cuarentena-Federal-5-500x281.jpg 500w\" sizes=\"auto, (max-width: 4000px) 100vw, 4000px\" \/><\/a><\/p>\n<p><span lang=\"ES-PR\">\u00abLos de Panam\u00e1 y Ecuador est\u00e1n se\u00f1alados para llegar a Puerto Rico el s\u00e1bado temprano en la tarde y los de M\u00e9xico se espera lleguen entre el 10 y 11 de noviembre. Los mexicanos hacen cuarentena en Miami y llegar\u00e1n directo al hip\u00f3dromo\u00bb, puntualiz\u00f3 Jackson.<\/span><\/p>\n","protected":false},"excerpt":{"rendered":"<p>CANOVANAS, P.R. (Joe Bruno) &#8211;\u00a0La llegada de los ejemplares participantes en la Serie H\u00edpica Del Caribe, que provengan de M\u00e9xico, Venezuela, Panam\u00e1, Ecuador y Rep\u00fablica Dominicana est\u00e1 prevista para este fin de semana y ya la cuadra de Cuarentena Federal &hellip; <a href=\"https:\/\/confederacionhipicadelcaribe.org\/?p=1757\">Sigue leyendo <span class=\"meta-nav\">&rarr;<\/span><\/a><\/p>\n","protected":false},"author":6,"featured_media":0,"comment_status":"closed","ping_status":"open","sticky":false,"template":"","format":"standard","meta":{"footnotes":""},"categories":[11],"tags":[],"class_list":["post-1757","post","type-post","status-publish","format-standard","hentry","category-serie-hipica-del-caribe-2013"],"_links":{"self":[{"href":"https:\/\/confederacionhipicadelcaribe.org\/index.php?rest_route=\/wp\/v2\/posts\/1757","targetHints":{"allow":["GET"]}}],"collection":[{"href":"https:\/\/confederacionhipicadelcaribe.org\/index.php?rest_route=\/wp\/v2\/posts"}],"about":[{"href":"https:\/\/confederacionhipicadelcaribe.org\/index.php?rest_route=\/wp\/v2\/types\/post"}],"author":[{"embeddable":true,"href":"https:\/\/confederacionhipicadelcaribe.org\/index.php?rest_route=\/wp\/v2\/users\/6"}],"replies":[{"embeddable":true,"href":"https:\/\/confederacionhipicadelcaribe.org\/index.php?rest_route=%2Fwp%2Fv2%2Fcomments&post=1757"}],"version-history":[{"count":1,"href":"https:\/\/confederacionhipicadelcaribe.org\/index.php?rest_route=\/wp\/v2\/posts\/1757\/revisions"}],"predecessor-version":[{"id":1763,"href":"https:\/\/confederacionhipicadelcaribe.org\/index.php?rest_route=\/wp\/v2\/posts\/1757\/revisions\/1763"}],"wp:attachment":[{"href":"https:\/\/confederacionhipicadelcaribe.org\/index.php?rest_route=%2Fwp%2Fv2%2Fmedia&parent=1757"}],"wp:term":[{"taxonomy":"category","embeddable":true,"href":"https:\/\/confederacionhipicadelcaribe.org\/index.php?rest_route=%2Fwp%2Fv2%2Fcategories&post=1757"},{"taxonomy":"post_tag","embeddable":true,"href":"https:\/\/confederacionhipicadelcaribe.org\/index.php?rest_route=%2Fwp%2Fv2%2Ftags&post=1757"}],"curies":[{"name":"wp","href":"https:\/\/api.w.org\/{rel}","templated":true}]}}