{"id":1768,"date":"2021-11-06T15:10:56","date_gmt":"2021-11-06T15:10:56","guid":{"rendered":"http:\/\/confederacionhipicadelcaribe.org\/?p=1768"},"modified":"2021-11-12T15:12:38","modified_gmt":"2021-11-12T15:12:38","slug":"1768","status":"publish","type":"post","link":"https:\/\/confederacionhipicadelcaribe.org\/?p=1768","title":{"rendered":"CLASIFICAN SUMMER PR Y TEMPORERA PARA LA COPA DAMA DEL CARIBE POR PUERTO RICO"},"content":{"rendered":"<p style=\"text-align: left\" align=\"right\"><a href=\"http:\/\/confederacionhipicadelcaribe.org\/wp-content\/uploads\/2021\/11\/Summer-PR-y-Temporera-7ma_6NOV21.jpg\"><img loading=\"lazy\" decoding=\"async\" class=\"alignnone wp-image-1769 size-full\" src=\"http:\/\/confederacionhipicadelcaribe.org\/wp-content\/uploads\/2021\/11\/Summer-PR-y-Temporera-7ma_6NOV21.jpg\" alt=\"Summer PR y Temporera 7ma_6NOV21\" width=\"1236\" height=\"849\" srcset=\"https:\/\/confederacionhipicadelcaribe.org\/wp-content\/uploads\/2021\/11\/Summer-PR-y-Temporera-7ma_6NOV21.jpg 1236w, https:\/\/confederacionhipicadelcaribe.org\/wp-content\/uploads\/2021\/11\/Summer-PR-y-Temporera-7ma_6NOV21-300x206.jpg 300w, https:\/\/confederacionhipicadelcaribe.org\/wp-content\/uploads\/2021\/11\/Summer-PR-y-Temporera-7ma_6NOV21-1024x703.jpg 1024w, https:\/\/confederacionhipicadelcaribe.org\/wp-content\/uploads\/2021\/11\/Summer-PR-y-Temporera-7ma_6NOV21-436x300.jpg 436w\" sizes=\"auto, (max-width: 1236px) 100vw, 1236px\" \/><\/a><\/p>\n<p><b><span lang=\"ES-PR\">CAN\u00d3VANAS, P.R. (Joe Bruno) &#8211;\u00a0<\/span><\/b><span lang=\"ES-PR\">Las tresa\u00f1eras Summer PR y Temporera ganaron el boleto para representar a Puerto Rico en la Copa Dama Del Caribe, que como parte de la Serie H\u00edpica Del Caribe, se llevar\u00e1 a cabo el s\u00e1bado 4 de diciembre en Hip\u00f3dromo Camarero.<\/span><\/p>\n<p><span lang=\"ES-PR\">Ambas potrancas escenificaron una intensa lucha por la delantera durante la s\u00e9ptima carrera de este s\u00e1bado en el \u00f3valo de Can\u00f3vanas y que fue clasificatoria para la prueba internacional.<\/span><\/p>\n<p><span lang=\"ES-PR\">Summer PR, montada por Javier Santiago, se impuso por el margen m\u00ednimo ante Temporera, que llev\u00f3 de jinete a Juan Carlos D\u00edaz.<\/span><\/p>\n<p><span lang=\"ES-PR\">Cuando el grupo de ocho corredoras entraba a la primera curva fue precisamente Temporera la que sali\u00f3 a dominar la prueba, que fue en distancia de 1,700 metros. Summer PR corri\u00f3 colocada cerca del paso en la primera etapa de la carrera hasta ubicarse limpiamente en la segunda posici\u00f3n.<\/span><\/p>\n<p><span lang=\"ES-PR\">Cuando restaban 600 metros para el final, Santiago comenz\u00f3 a pedirle a Summer PR, que poco a poco iniciaba su avance contra Temporera a la que amenaz\u00f3 seriamente entrando a la recta final.<\/span><\/p>\n<p><span lang=\"ES-PR\">Temporera recibi\u00f3 intensa monta de D\u00edaz defendiendo la delantera, pero no tuvo \u00e9xito cayendo vencida ante Summer PR, que cronometr\u00f3 1:48.33 para la distancia de 1,700 metros luego de fraccionales de :25.97, :50.47, 1:14.95 y 1:41.64.<\/span><\/p>\n<p><span lang=\"ES-PR\">Desde la tercera posici\u00f3n completaron el orden de llegada Flor Perfumada, Hacendada, Pretty And Proud, Salerosa, Giah&#8217;s Spirit y Dulce Mariana.<\/span><\/p>\n<p><span lang=\"ES-PR\">Summer PR, una hija del semental Console en la yegua Summer Line, criada en Potrero Los Llanos, es propiedad del Up Stable, de Luis Orraca y entrenada por Juan Luis D\u00edaz. Obtuvo su tercera victoria en su octava salida y su primera en la distancia, la que corr\u00eda por primera vez.<\/span><\/p>\n<p><span lang=\"ES-PR\">Temporera, por su parte, es una hija de Hockenheim en Moderadora, criada por Pedro Agust\u00edn. Pertenece al Sonata Stable y es entrenada por Ram\u00f3n Morales.<\/span><\/p>\n","protected":false},"excerpt":{"rendered":"<p>CAN\u00d3VANAS, P.R. (Joe Bruno) &#8211;\u00a0Las tresa\u00f1eras Summer PR y Temporera ganaron el boleto para representar a Puerto Rico en la Copa Dama Del Caribe, que como parte de la Serie H\u00edpica Del Caribe, se llevar\u00e1 a cabo el s\u00e1bado 4 &hellip; <a href=\"https:\/\/confederacionhipicadelcaribe.org\/?p=1768\">Sigue leyendo <span class=\"meta-nav\">&rarr;<\/span><\/a><\/p>\n","protected":false},"author":6,"featured_media":0,"comment_status":"closed","ping_status":"open","sticky":false,"template":"","format":"standard","meta":{"footnotes":""},"categories":[11],"tags":[],"class_list":["post-1768","post","type-post","status-publish","format-standard","hentry","category-serie-hipica-del-caribe-2013"],"_links":{"self":[{"href":"https:\/\/confederacionhipicadelcaribe.org\/index.php?rest_route=\/wp\/v2\/posts\/1768","targetHints":{"allow":["GET"]}}],"collection":[{"href":"https:\/\/confederacionhipicadelcaribe.org\/index.php?rest_route=\/wp\/v2\/posts"}],"about":[{"href":"https:\/\/confederacionhipicadelcaribe.org\/index.php?rest_route=\/wp\/v2\/types\/post"}],"author":[{"embeddable":true,"href":"https:\/\/confederacionhipicadelcaribe.org\/index.php?rest_route=\/wp\/v2\/users\/6"}],"replies":[{"embeddable":true,"href":"https:\/\/confederacionhipicadelcaribe.org\/index.php?rest_route=%2Fwp%2Fv2%2Fcomments&post=1768"}],"version-history":[{"count":3,"href":"https:\/\/confederacionhipicadelcaribe.org\/index.php?rest_route=\/wp\/v2\/posts\/1768\/revisions"}],"predecessor-version":[{"id":1772,"href":"https:\/\/confederacionhipicadelcaribe.org\/index.php?rest_route=\/wp\/v2\/posts\/1768\/revisions\/1772"}],"wp:attachment":[{"href":"https:\/\/confederacionhipicadelcaribe.org\/index.php?rest_route=%2Fwp%2Fv2%2Fmedia&parent=1768"}],"wp:term":[{"taxonomy":"category","embeddable":true,"href":"https:\/\/confederacionhipicadelcaribe.org\/index.php?rest_route=%2Fwp%2Fv2%2Fcategories&post=1768"},{"taxonomy":"post_tag","embeddable":true,"href":"https:\/\/confederacionhipicadelcaribe.org\/index.php?rest_route=%2Fwp%2Fv2%2Ftags&post=1768"}],"curies":[{"name":"wp","href":"https:\/\/api.w.org\/{rel}","templated":true}]}}