{"id":1805,"date":"2021-11-19T22:52:36","date_gmt":"2021-11-19T22:52:36","guid":{"rendered":"http:\/\/confederacionhipicadelcaribe.org\/?p=1805"},"modified":"2021-11-19T22:52:36","modified_gmt":"2021-11-19T22:52:36","slug":"cambio-en-los-trabajos-matinales-para-la-serie-hipica-del-caribe-2021","status":"publish","type":"post","link":"https:\/\/confederacionhipicadelcaribe.org\/?p=1805","title":{"rendered":"CAMBIO EN LOS TRABAJOS MATINALES PARA LA SERIE H\u00cdPICA DEL CARIBE 2021"},"content":{"rendered":"<p><del><\/p>\n<p style=\"text-align: left\" align=\"center\"><b><span lang=\"ES-PR\">CAN\u00d3VANAS, P.R. (Joe Bruno) &#8211;\u00a0<\/span><\/b><span lang=\"ES-PR\">La gerencia de Hip\u00f3dromo Camarero anunci\u00f3 este viernes dos cambios a los horarios de los trabajos matinales para determinado grupo de los ejemplares que participar\u00e1n en la Serie H\u00edpica Del Caribe, a celebrarse el pr\u00f3ximo 4 y 5 de diciembre.<\/span><\/p>\n<p><span lang=\"ES-PR\">Alejandro Fuentes, vicepresidente ejecutivo de Hip\u00f3dromo Camarero, dio a conocer por medio de un memorando enviado a las delegaciones de los pa\u00edses participantes y la Comisi\u00f3n de Juegos de Puerto Rico, entre otros, que los cambios aplican a este pr\u00f3ximo domingo y jueves.<\/span><\/p>\n<p><span lang=\"ES-PR\">\u00abA petici\u00f3n de las delegaciones participantes en la Serie H\u00edpica Del Caribe, hemos realizado las gestiones para poderles ofrecer un horario nocturno, ya que muchos de sus ejemplares no est\u00e1n acostumbrados a correr con el alumbrado de la pista\u00bb, indica Fuentes.<\/span><\/p>\n<p><span lang=\"ES-PR\">\u00abHemos conseguido la aprobaci\u00f3n y realizado los arreglos correspondientes para que este domingo 21 de noviembre en horario de 5:30 a.m. a 8:00 a.m., exclusivamente los ejemplares de Ecuador, Panam\u00e1, Rep\u00fablica Dominicana y Venezuela podr\u00e1n entrar a la pista para realizar sus trabajos matinales en el horario se\u00f1alado\u00bb, a\u00f1ade la comunicaci\u00f3n.<\/span><\/p>\n<p><span lang=\"ES-PR\">Se indica adem\u00e1s que el pr\u00f3ximo jueves 25 de noviembre el horario de trabajos matinales para los ejemplares de los referidos pa\u00edses ser\u00e1 de 5:30 a.m. a 7:00 a.m.<\/span><\/p>\n<p><span lang=\"ES-PR\">\u00abEse mismo d\u00eda la poblaci\u00f3n local entrar\u00e1 a la pista en el horario de 7:00 a.m. hasta las 8:00 a.m. Luego a las ocho se cerrar\u00e1 la pista para mantenimiento de media hora y m\u00e1s adelante abrir\u00e1 la pista nuevamente de 8:30 a.m. a 10:00 a.m.\u00bb, puntualiz\u00f3 Fuentes<\/span><\/p>\n<p><\/del><\/p>\n","protected":false},"excerpt":{"rendered":"<p>CAN\u00d3VANAS, P.R. (Joe Bruno) &#8211;\u00a0La gerencia de Hip\u00f3dromo Camarero anunci\u00f3 este viernes dos cambios a los horarios de los trabajos matinales para determinado grupo de los ejemplares que participar\u00e1n en la Serie H\u00edpica Del Caribe, a celebrarse el pr\u00f3ximo 4 &hellip; <a href=\"https:\/\/confederacionhipicadelcaribe.org\/?p=1805\">Sigue leyendo <span class=\"meta-nav\">&rarr;<\/span><\/a><\/p>\n","protected":false},"author":6,"featured_media":0,"comment_status":"closed","ping_status":"open","sticky":false,"template":"","format":"standard","meta":{"footnotes":""},"categories":[11],"tags":[],"class_list":["post-1805","post","type-post","status-publish","format-standard","hentry","category-serie-hipica-del-caribe-2013"],"_links":{"self":[{"href":"https:\/\/confederacionhipicadelcaribe.org\/index.php?rest_route=\/wp\/v2\/posts\/1805","targetHints":{"allow":["GET"]}}],"collection":[{"href":"https:\/\/confederacionhipicadelcaribe.org\/index.php?rest_route=\/wp\/v2\/posts"}],"about":[{"href":"https:\/\/confederacionhipicadelcaribe.org\/index.php?rest_route=\/wp\/v2\/types\/post"}],"author":[{"embeddable":true,"href":"https:\/\/confederacionhipicadelcaribe.org\/index.php?rest_route=\/wp\/v2\/users\/6"}],"replies":[{"embeddable":true,"href":"https:\/\/confederacionhipicadelcaribe.org\/index.php?rest_route=%2Fwp%2Fv2%2Fcomments&post=1805"}],"version-history":[{"count":1,"href":"https:\/\/confederacionhipicadelcaribe.org\/index.php?rest_route=\/wp\/v2\/posts\/1805\/revisions"}],"predecessor-version":[{"id":1806,"href":"https:\/\/confederacionhipicadelcaribe.org\/index.php?rest_route=\/wp\/v2\/posts\/1805\/revisions\/1806"}],"wp:attachment":[{"href":"https:\/\/confederacionhipicadelcaribe.org\/index.php?rest_route=%2Fwp%2Fv2%2Fmedia&parent=1805"}],"wp:term":[{"taxonomy":"category","embeddable":true,"href":"https:\/\/confederacionhipicadelcaribe.org\/index.php?rest_route=%2Fwp%2Fv2%2Fcategories&post=1805"},{"taxonomy":"post_tag","embeddable":true,"href":"https:\/\/confederacionhipicadelcaribe.org\/index.php?rest_route=%2Fwp%2Fv2%2Ftags&post=1805"}],"curies":[{"name":"wp","href":"https:\/\/api.w.org\/{rel}","templated":true}]}}