{"id":1925,"date":"2022-10-25T17:37:58","date_gmt":"2022-10-25T17:37:58","guid":{"rendered":"http:\/\/confederacionhipicadelcaribe.org\/?p=1925"},"modified":"2022-10-25T17:46:10","modified_gmt":"2022-10-25T17:46:10","slug":"confederacion-hipica-del-caribe-se-reune-con-propietarios-de-caballos-de-puerto-rico","status":"publish","type":"post","link":"https:\/\/confederacionhipicadelcaribe.org\/?p=1925","title":{"rendered":"CONFEDERACI\u00d3N H\u00cdPICA DEL CARIBE SE RE\u00daNE CON\u00a0PROPIETARIOS DE CABALLOS DE PUERTO RICO"},"content":{"rendered":"\n<figure class=\"wp-block-image size-large\"><a href=\"http:\/\/confederacionhipicadelcaribe.org\/wp-content\/uploads\/2022\/10\/600DF780-08F8-4DAE-97AD-60A3DBF1D826-scaled.jpeg\"><img loading=\"lazy\" decoding=\"async\" width=\"1024\" height=\"577\" src=\"http:\/\/confederacionhipicadelcaribe.org\/wp-content\/uploads\/2022\/10\/600DF780-08F8-4DAE-97AD-60A3DBF1D826-1024x577.jpeg\" alt=\"\" class=\"wp-image-1927\" srcset=\"https:\/\/confederacionhipicadelcaribe.org\/wp-content\/uploads\/2022\/10\/600DF780-08F8-4DAE-97AD-60A3DBF1D826-1024x577.jpeg 1024w, https:\/\/confederacionhipicadelcaribe.org\/wp-content\/uploads\/2022\/10\/600DF780-08F8-4DAE-97AD-60A3DBF1D826-300x169.jpeg 300w, https:\/\/confederacionhipicadelcaribe.org\/wp-content\/uploads\/2022\/10\/600DF780-08F8-4DAE-97AD-60A3DBF1D826-768x432.jpeg 768w, https:\/\/confederacionhipicadelcaribe.org\/wp-content\/uploads\/2022\/10\/600DF780-08F8-4DAE-97AD-60A3DBF1D826-1536x865.jpeg 1536w, https:\/\/confederacionhipicadelcaribe.org\/wp-content\/uploads\/2022\/10\/600DF780-08F8-4DAE-97AD-60A3DBF1D826-2048x1153.jpeg 2048w, https:\/\/confederacionhipicadelcaribe.org\/wp-content\/uploads\/2022\/10\/600DF780-08F8-4DAE-97AD-60A3DBF1D826-500x282.jpeg 500w\" sizes=\"auto, (max-width: 1024px) 100vw, 1024px\" \/><\/a><figcaption>Propietarios y entrenadores presentes en la reuni\u00f3n con directivos de la Confederaci\u00f3n H\u00edpica Del Caribe.<\/figcaption><\/figure>\n\n\n\n<p>Directivos de la Confederaci\u00f3n H\u00edpica Del Caribe (CHC) sostuvieron en la ma\u00f1ana del martes una reuni\u00f3n con m\u00e1s de diez propietarios de ejemplares de carreras de Puerto Rico, que mostraron inter\u00e9s por participar en la venidera Serie H\u00edpica Del Caribe.<\/p>\n\n\n\n<p>Durante las pasadas asambleas de la CHC, los delegados de Puerto Rico hab\u00edan dado a conocer a la Junta de Directores de la entidad que no participar\u00edan en el evento de este a\u00f1o aduciendo a razones de seguridad establecidas por el gobierno de Estados Unidos.<\/p>\n\n\n\n<figure class=\"wp-block-image size-large\"><a href=\"http:\/\/confederacionhipicadelcaribe.org\/wp-content\/uploads\/2022\/10\/592E5A0A-FD09-45D3-85BB-55D8FA5AD68B.jpeg\"><img loading=\"lazy\" decoding=\"async\" width=\"1024\" height=\"683\" src=\"http:\/\/confederacionhipicadelcaribe.org\/wp-content\/uploads\/2022\/10\/592E5A0A-FD09-45D3-85BB-55D8FA5AD68B-1024x683.jpeg\" alt=\"\" class=\"wp-image-1926\" srcset=\"https:\/\/confederacionhipicadelcaribe.org\/wp-content\/uploads\/2022\/10\/592E5A0A-FD09-45D3-85BB-55D8FA5AD68B-1024x683.jpeg 1024w, https:\/\/confederacionhipicadelcaribe.org\/wp-content\/uploads\/2022\/10\/592E5A0A-FD09-45D3-85BB-55D8FA5AD68B-300x200.jpeg 300w, https:\/\/confederacionhipicadelcaribe.org\/wp-content\/uploads\/2022\/10\/592E5A0A-FD09-45D3-85BB-55D8FA5AD68B-768x512.jpeg 768w, https:\/\/confederacionhipicadelcaribe.org\/wp-content\/uploads\/2022\/10\/592E5A0A-FD09-45D3-85BB-55D8FA5AD68B-1536x1024.jpeg 1536w, https:\/\/confederacionhipicadelcaribe.org\/wp-content\/uploads\/2022\/10\/592E5A0A-FD09-45D3-85BB-55D8FA5AD68B-2048x1365.jpeg 2048w, https:\/\/confederacionhipicadelcaribe.org\/wp-content\/uploads\/2022\/10\/592E5A0A-FD09-45D3-85BB-55D8FA5AD68B-450x300.jpeg 450w\" sizes=\"auto, (max-width: 1024px) 100vw, 1024px\" \/><\/a><figcaption>Luigi Miglietti, derecha, miembro del Comit\u00e9 Organizador de la Serie H\u00edpica Del Caribe 2022, se expresa ante los propietarios puertorrique\u00f1os presente en la reuni\u00f3n. Le acompa\u00f1an desde la izquierda el paname\u00f1o Rafi Fern\u00e1ndez y Jos\u00e9 Zaj\u00eda, representantes de la Confederaci\u00f3n H\u00edpica Del Caribe.<\/figcaption><\/figure>\n\n\n\n<p>Sin embargo, en los pasados d\u00edas surgi\u00f3 el inter\u00e9s de varios propietarios de ejemplares puertorrique\u00f1os para asistir al evento. Ante esa situaci\u00f3n, los directivos de la CHC viajaron a la Isla en la tarde del lunes y convocaron a la referida reuni\u00f3n.<\/p>\n\n\n\n<p>La misma fue dirigida por Luigi Miglietti, representante de Venezuela ante la CHC y miembro del Comit\u00e9 Organizador de la Serie H\u00edpica 2022 y los directivos de la CHC, Jos\u00e9 Zaj\u00eda y Rafael Fern\u00e1ndez.<\/p>\n\n\n\n<p>Los posibles representantes de Puerto Rico en el evento, cuyos propietarios estuvieron presente en la reuni\u00f3n, son: El Salsero y Gil Hugo Vero (Copa Confraternidad), Salerosa (Copa Confraternidad de Yeguas), Sope, Mi Viejo Johnny y My Friend Dr. Bo (Copa De Importados, Harlan&#8217;s Pride y Golpeador (Cl\u00e1sico Internacional Del Caribe).<\/p>\n\n\n\n<p>Los dirigentes de la reuni\u00f3n aclararon dudas relacionadas a la transportaci\u00f3n de los ejemplares, visado, alojamiento y toda la log\u00edstica sobre la celebraci\u00f3n del evento, entre lo que se destac\u00f3 el tema de la medicaci\u00f3n controlada, el \u00e1rea de cuarentena donde estar\u00e1n estabulados los ejemplares y aspectos de seguridad, entre otros.<\/p>\n\n\n\n<p>Seg\u00fan se explic\u00f3, el Comit\u00e9 Organizador cubrir\u00e1 todos los gastos de transporte de los ejemplares desde cada pa\u00eds participante.&nbsp;<\/p>\n\n\n\n<p>Llegar\u00e1n a la cuadra o caballeriza donde har\u00e1n cuarentena durante cinco noches. Esa cuadra ser\u00e1 la misma donde permanecer\u00e1n en todo momento mientras entrenan para el evento con seguridad y todo el aspecto de alojamiento de los ejemplares cubierto por el comit\u00e9.<\/p>\n\n\n\n<p>Se indic\u00f3 adem\u00e1s, los caballos en cuarentena contar\u00e1n con atenci\u00f3n m\u00e9dica veterinaria las 24 horas del d\u00eda por tener el hip\u00f3dromo La Rinconada un hospital equino dentro de sus instalaciones.<\/p>\n\n\n\n<p>En el caso de los ejemplares de Puerto Rico, \u00e9stos har\u00edan el viaje via Rep\u00fablica Dominicana, tanto de ida como de regreso, con el transporte desde el aeropuerto al hip\u00f3dromo y viceversa.<\/p>\n\n\n\n<p>\u00abHa sido una reuni\u00f3n muy productiva. Le pudimos aclarar dudas a los propietarios presente y estamos seguros que contaremos con la participaci\u00f3n de Puerto Rico en la Serie H\u00edpica\u00bb, indic\u00f3 Miglietti.<\/p>\n\n\n\n<p>\u00abVamos a presentar un gran espect\u00e1culo h\u00edpico en un esfuerzo conjunto entre el Comit\u00e9 Organizador y el Instituto Nacional De Hip\u00f3dromos y su presidente Antonio \u00c1lvarez, quien se ha comprometido con hacer de la Serie H\u00edpica un evento de primer orden\u00bb, puntualiz\u00f3 Miglietti.<\/p>\n\n\n\n<p>La Serie H\u00edpica Del Caribe consiste de seis eventos internacionales con total a repartir en premios de $1 mill\u00f3n. Se efectuar\u00e1&nbsp;el domingo 11 de diciembre&nbsp;en el hip\u00f3dromo La Rinconada, de Caracas, Venezuela.<\/p>\n\n\n\n<p>La distribuci\u00f3n de los premios de cada carrera ser\u00e1 de la siguiente manera: Cl\u00e1sico Del Caribe ($500 mil), Copa Confraternidad ($200 mil), Copa Velocidad ($65 mil), Copa Dama Del Caribe ($65 mil), Copa Confraternidad Hembras ($100 mil) y Copa Invitacional De Importados ($70 mil).<\/p>\n\n\n\n<p>Exceptuando el Cl\u00e1sico Del Caribe y la Copa Confraternidad el resto de los eventos incluyen cuotas de nominaci\u00f3n e inscripci\u00f3n por lo que los premios pudieran alcanzar los $100 mil.<\/p>\n\n\n\n<p><strong>Joe Bruno Ortiz<\/strong><\/p>\n\n\n\n<p><strong>Director de Prensa \/ Confederaci\u00f3n H\u00edpica Del Caribe<\/strong><strong>.<\/strong><\/p>\n\n\n\n<p><strong>San Juan, Puerto Rico.<\/strong><\/p>\n","protected":false},"excerpt":{"rendered":"<p>Directivos de la Confederaci\u00f3n H\u00edpica Del Caribe (CHC) sostuvieron en la ma\u00f1ana del martes una reuni\u00f3n con m\u00e1s de diez propietarios de ejemplares de carreras de Puerto Rico, que mostraron inter\u00e9s por participar en la venidera Serie H\u00edpica Del Caribe. &hellip; <a href=\"https:\/\/confederacionhipicadelcaribe.org\/?p=1925\">Sigue leyendo <span class=\"meta-nav\">&rarr;<\/span><\/a><\/p>\n","protected":false},"author":6,"featured_media":0,"comment_status":"closed","ping_status":"open","sticky":false,"template":"","format":"standard","meta":{"footnotes":""},"categories":[14],"tags":[],"class_list":["post-1925","post","type-post","status-publish","format-standard","hentry","category-serie-hipica-del-caribe-2022"],"_links":{"self":[{"href":"https:\/\/confederacionhipicadelcaribe.org\/index.php?rest_route=\/wp\/v2\/posts\/1925","targetHints":{"allow":["GET"]}}],"collection":[{"href":"https:\/\/confederacionhipicadelcaribe.org\/index.php?rest_route=\/wp\/v2\/posts"}],"about":[{"href":"https:\/\/confederacionhipicadelcaribe.org\/index.php?rest_route=\/wp\/v2\/types\/post"}],"author":[{"embeddable":true,"href":"https:\/\/confederacionhipicadelcaribe.org\/index.php?rest_route=\/wp\/v2\/users\/6"}],"replies":[{"embeddable":true,"href":"https:\/\/confederacionhipicadelcaribe.org\/index.php?rest_route=%2Fwp%2Fv2%2Fcomments&post=1925"}],"version-history":[{"count":5,"href":"https:\/\/confederacionhipicadelcaribe.org\/index.php?rest_route=\/wp\/v2\/posts\/1925\/revisions"}],"predecessor-version":[{"id":1932,"href":"https:\/\/confederacionhipicadelcaribe.org\/index.php?rest_route=\/wp\/v2\/posts\/1925\/revisions\/1932"}],"wp:attachment":[{"href":"https:\/\/confederacionhipicadelcaribe.org\/index.php?rest_route=%2Fwp%2Fv2%2Fmedia&parent=1925"}],"wp:term":[{"taxonomy":"category","embeddable":true,"href":"https:\/\/confederacionhipicadelcaribe.org\/index.php?rest_route=%2Fwp%2Fv2%2Fcategories&post=1925"},{"taxonomy":"post_tag","embeddable":true,"href":"https:\/\/confederacionhipicadelcaribe.org\/index.php?rest_route=%2Fwp%2Fv2%2Ftags&post=1925"}],"curies":[{"name":"wp","href":"https:\/\/api.w.org\/{rel}","templated":true}]}}