{"id":1933,"date":"2022-11-14T18:31:54","date_gmt":"2022-11-14T18:31:54","guid":{"rendered":"http:\/\/confederacionhipicadelcaribe.org\/?p=1933"},"modified":"2022-11-14T18:31:54","modified_gmt":"2022-11-14T18:31:54","slug":"llegaron-a-venezuela-los-primeros-26","status":"publish","type":"post","link":"https:\/\/confederacionhipicadelcaribe.org\/?p=1933","title":{"rendered":"Llegaron a Venezuela los primeros 26"},"content":{"rendered":"\n<p>El grupo inicial de ejemplares for\u00e1neos que participar\u00e1n en la Serie H\u00edpica del Caribe ya se encuentran en el \u00e1rea de cuarentena<\/p>\n\n\n\n<p>Por Carlos Luis Giardinella<\/p>\n\n\n<div class=\"wp-block-image\">\n<figure class=\"aligncenter size-full\"><a href=\"http:\/\/confederacionhipicadelcaribe.org\/wp-content\/uploads\/2022\/11\/9FB50F04-67AA-4B5B-B393-28D8597C05D5.jpeg\"><img loading=\"lazy\" decoding=\"async\" width=\"540\" height=\"960\" src=\"http:\/\/confederacionhipicadelcaribe.org\/wp-content\/uploads\/2022\/11\/9FB50F04-67AA-4B5B-B393-28D8597C05D5.jpeg\" alt=\"\" class=\"wp-image-1934\" srcset=\"https:\/\/confederacionhipicadelcaribe.org\/wp-content\/uploads\/2022\/11\/9FB50F04-67AA-4B5B-B393-28D8597C05D5.jpeg 540w, https:\/\/confederacionhipicadelcaribe.org\/wp-content\/uploads\/2022\/11\/9FB50F04-67AA-4B5B-B393-28D8597C05D5-169x300.jpeg 169w\" sizes=\"auto, (max-width: 540px) 100vw, 540px\" \/><\/a><figcaption>Los visitantes cumplieron con todo el protocolo aeroportuario. Foto: Luigi Miglietti<\/figcaption><\/figure><\/div>\n\n\n<p>Este lunes en horas de la ma\u00f1ana arribaron al \u00e1rea de cuarentena del hip\u00f3dromo La Rinconada nueve ejemplares provenientes de M\u00e9xico, mientras que en la tarde llegaron otros 17 desde Panam\u00e1, para un total de 26 animales extranjeros que conforman el primer grupo de for\u00e1neos a participar en la Serie H\u00edpica del Caribe, que se celebrar\u00e1 el 11 de diciembre de 2022 en la pista del hip\u00f3dromo caraque\u00f1o.<\/p>\n\n\n\n<p>La Serie est\u00e1 conformada por seis carreras de Grado con el Cl\u00e1sico Internacional \u201cDel Caribe\u201d como prueba central, entre todas las competencias se repartir\u00e1 m\u00e1s de un mill\u00f3n de d\u00f3lares en premios.<\/p>\n\n\n\n<figure class=\"wp-block-image size-large\"><a href=\"http:\/\/confederacionhipicadelcaribe.org\/wp-content\/uploads\/2022\/11\/C86E503D-C54D-4ECA-9E22-7D15875AD409-scaled.jpeg\"><img loading=\"lazy\" decoding=\"async\" width=\"1024\" height=\"768\" src=\"http:\/\/confederacionhipicadelcaribe.org\/wp-content\/uploads\/2022\/11\/C86E503D-C54D-4ECA-9E22-7D15875AD409-1024x768.jpeg\" alt=\"\" class=\"wp-image-1935\" srcset=\"https:\/\/confederacionhipicadelcaribe.org\/wp-content\/uploads\/2022\/11\/C86E503D-C54D-4ECA-9E22-7D15875AD409-1024x768.jpeg 1024w, https:\/\/confederacionhipicadelcaribe.org\/wp-content\/uploads\/2022\/11\/C86E503D-C54D-4ECA-9E22-7D15875AD409-300x225.jpeg 300w, https:\/\/confederacionhipicadelcaribe.org\/wp-content\/uploads\/2022\/11\/C86E503D-C54D-4ECA-9E22-7D15875AD409-768x576.jpeg 768w, https:\/\/confederacionhipicadelcaribe.org\/wp-content\/uploads\/2022\/11\/C86E503D-C54D-4ECA-9E22-7D15875AD409-1536x1152.jpeg 1536w, https:\/\/confederacionhipicadelcaribe.org\/wp-content\/uploads\/2022\/11\/C86E503D-C54D-4ECA-9E22-7D15875AD409-2048x1536.jpeg 2048w, https:\/\/confederacionhipicadelcaribe.org\/wp-content\/uploads\/2022\/11\/C86E503D-C54D-4ECA-9E22-7D15875AD409-400x300.jpeg 400w\" sizes=\"auto, (max-width: 1024px) 100vw, 1024px\" \/><\/a><figcaption>Los caballos extranjeros fueron alojados en una lujosa caballeriza. CLG<\/figcaption><\/figure>\n\n\n\n<p>Los caballos que llegaron este lunes se encuentran en la caballeriza designada para tal fin en el \u00f3valo de coche, en donde deber\u00e1n cumplir con un per\u00edodo de cuarentena reglamentaria de cuatro d\u00edas por lo que podr\u00e1n salir a la pista a partir del viernes 14 de noviembre.<\/p>\n\n\n\n<p>Se espera que los pr\u00f3ximos en llegar sean los representantes de Puerto Rico y Rep\u00fablica Dominicana, los cuales vendr\u00edan en el mismo vuelo.<\/p>\n","protected":false},"excerpt":{"rendered":"<p>El grupo inicial de ejemplares for\u00e1neos que participar\u00e1n en la Serie H\u00edpica del Caribe ya se encuentran en el \u00e1rea de cuarentena Por Carlos Luis Giardinella Este lunes en horas de la ma\u00f1ana arribaron al \u00e1rea de cuarentena del hip\u00f3dromo &hellip; <a href=\"https:\/\/confederacionhipicadelcaribe.org\/?p=1933\">Sigue leyendo <span class=\"meta-nav\">&rarr;<\/span><\/a><\/p>\n","protected":false},"author":6,"featured_media":0,"comment_status":"closed","ping_status":"open","sticky":false,"template":"","format":"standard","meta":{"footnotes":""},"categories":[11],"tags":[],"class_list":["post-1933","post","type-post","status-publish","format-standard","hentry","category-serie-hipica-del-caribe-2013"],"_links":{"self":[{"href":"https:\/\/confederacionhipicadelcaribe.org\/index.php?rest_route=\/wp\/v2\/posts\/1933","targetHints":{"allow":["GET"]}}],"collection":[{"href":"https:\/\/confederacionhipicadelcaribe.org\/index.php?rest_route=\/wp\/v2\/posts"}],"about":[{"href":"https:\/\/confederacionhipicadelcaribe.org\/index.php?rest_route=\/wp\/v2\/types\/post"}],"author":[{"embeddable":true,"href":"https:\/\/confederacionhipicadelcaribe.org\/index.php?rest_route=\/wp\/v2\/users\/6"}],"replies":[{"embeddable":true,"href":"https:\/\/confederacionhipicadelcaribe.org\/index.php?rest_route=%2Fwp%2Fv2%2Fcomments&post=1933"}],"version-history":[{"count":1,"href":"https:\/\/confederacionhipicadelcaribe.org\/index.php?rest_route=\/wp\/v2\/posts\/1933\/revisions"}],"predecessor-version":[{"id":1937,"href":"https:\/\/confederacionhipicadelcaribe.org\/index.php?rest_route=\/wp\/v2\/posts\/1933\/revisions\/1937"}],"wp:attachment":[{"href":"https:\/\/confederacionhipicadelcaribe.org\/index.php?rest_route=%2Fwp%2Fv2%2Fmedia&parent=1933"}],"wp:term":[{"taxonomy":"category","embeddable":true,"href":"https:\/\/confederacionhipicadelcaribe.org\/index.php?rest_route=%2Fwp%2Fv2%2Fcategories&post=1933"},{"taxonomy":"post_tag","embeddable":true,"href":"https:\/\/confederacionhipicadelcaribe.org\/index.php?rest_route=%2Fwp%2Fv2%2Ftags&post=1933"}],"curies":[{"name":"wp","href":"https:\/\/api.w.org\/{rel}","templated":true}]}}