{"id":1962,"date":"2022-11-18T21:49:58","date_gmt":"2022-11-18T21:49:58","guid":{"rendered":"https:\/\/confederacionhipicadelcaribe.org\/?p=1962"},"modified":"2022-11-18T21:55:16","modified_gmt":"2022-11-18T21:55:16","slug":"siete-seran-los-nuevos-inmortales-del-clasico-del-caribe","status":"publish","type":"post","link":"https:\/\/confederacionhipicadelcaribe.org\/?p=1962","title":{"rendered":"SER\u00c1N SIETE LOS NUEVOS INMORTALES DEL CL\u00c1SICO DEL CARIBE"},"content":{"rendered":"\n<p>La X Exaltaci\u00f3n al Sal\u00f3n de la Fama del Cl\u00e1sico del Caribe ser\u00e1 el marco para inmortalizar a siete nuevos miembros que marcaron en cada uno de sus renglones un hito en la historia de la fiesta del hipismo caribe\u00f1o. Ellos son: <\/p>\n\n\n\n<p class=\"has-text-align-center\"><strong>MAR\u00cdA ESPERANZA TORREALBA DE MIGLIETTI &#8211; Venezuela<\/strong><\/p>\n\n\n<div class=\"wp-block-image\">\n<figure class=\"aligncenter size-full\"><a href=\"https:\/\/confederacionhipicadelcaribe.org\/wp-content\/uploads\/2022\/11\/MariaEsperanzadeMiglietti.jpg\"><img loading=\"lazy\" decoding=\"async\" width=\"229\" height=\"426\" src=\"https:\/\/confederacionhipicadelcaribe.org\/wp-content\/uploads\/2022\/11\/MariaEsperanzadeMiglietti.jpg\" alt=\"\" class=\"wp-image-1964\" srcset=\"https:\/\/confederacionhipicadelcaribe.org\/wp-content\/uploads\/2022\/11\/MariaEsperanzadeMiglietti.jpg 229w, https:\/\/confederacionhipicadelcaribe.org\/wp-content\/uploads\/2022\/11\/MariaEsperanzadeMiglietti-161x300.jpg 161w\" sizes=\"auto, (max-width: 229px) 100vw, 229px\" \/><\/a><\/figure><\/div>\n\n\n<p>Exitosa propietaria y criadora de Venezuela que con su Haras Monumental produjo extraordinarios corredores, incluyendo a Mon Coquette, ganadora de la Copa Confraternidad de Hembras en 1990, as\u00ed como tambi\u00e9n otros destacados purasangres que dieron brillantez al deporte h\u00edpico de su pa\u00eds y el Caribe. <\/p>\n\n\n\n<p class=\"has-text-align-center\"><strong>AUGUSTO SAMUEL BOYD PAREDES &#8211; Panam\u00e1<\/strong><\/p>\n\n\n<div class=\"wp-block-image\">\n<figure class=\"aligncenter size-full\"><a href=\"https:\/\/confederacionhipicadelcaribe.org\/wp-content\/uploads\/2022\/11\/Augusto-Samuel-Boyd.jpeg\"><img loading=\"lazy\" decoding=\"async\" width=\"430\" height=\"640\" src=\"https:\/\/confederacionhipicadelcaribe.org\/wp-content\/uploads\/2022\/11\/Augusto-Samuel-Boyd.jpeg\" alt=\"\" class=\"wp-image-1963\" srcset=\"https:\/\/confederacionhipicadelcaribe.org\/wp-content\/uploads\/2022\/11\/Augusto-Samuel-Boyd.jpeg 430w, https:\/\/confederacionhipicadelcaribe.org\/wp-content\/uploads\/2022\/11\/Augusto-Samuel-Boyd-202x300.jpeg 202w\" sizes=\"auto, (max-width: 430px) 100vw, 430px\" \/><\/a><\/figure><\/div>\n\n\n<p>Reciba este reconocimiento por sus grandes aportaciones al depote h\u00edpico caribe\u00f1o como delegado de Panam\u00e1 ante la Confederaci\u00f3n H\u00edpica Del Caribe. Adem\u00e1s como destacado criador y propietario con una estupenda victoria lograda por su potranca Portantina en la Copa Dama Del Caribe de 2011 en el Hip\u00f3dromo Presidente Rem\u00f3n.<\/p>\n\n\n\n<p class=\"has-text-align-center\"><strong>JOEL ROSARIO &#8211; Rep\u00fablica Dominicana<\/strong><\/p>\n\n\n\n<figure class=\"wp-block-image size-large\"><a href=\"https:\/\/confederacionhipicadelcaribe.org\/wp-content\/uploads\/2022\/11\/Joel-Rosario_25FEB22.jpg\"><img loading=\"lazy\" decoding=\"async\" width=\"1024\" height=\"683\" src=\"https:\/\/confederacionhipicadelcaribe.org\/wp-content\/uploads\/2022\/11\/Joel-Rosario_25FEB22-1024x683.jpg\" alt=\"\" class=\"wp-image-1965\" srcset=\"https:\/\/confederacionhipicadelcaribe.org\/wp-content\/uploads\/2022\/11\/Joel-Rosario_25FEB22-1024x683.jpg 1024w, https:\/\/confederacionhipicadelcaribe.org\/wp-content\/uploads\/2022\/11\/Joel-Rosario_25FEB22-300x200.jpg 300w, https:\/\/confederacionhipicadelcaribe.org\/wp-content\/uploads\/2022\/11\/Joel-Rosario_25FEB22-768x512.jpg 768w, https:\/\/confederacionhipicadelcaribe.org\/wp-content\/uploads\/2022\/11\/Joel-Rosario_25FEB22-1536x1024.jpg 1536w, https:\/\/confederacionhipicadelcaribe.org\/wp-content\/uploads\/2022\/11\/Joel-Rosario_25FEB22-2048x1365.jpg 2048w, https:\/\/confederacionhipicadelcaribe.org\/wp-content\/uploads\/2022\/11\/Joel-Rosario_25FEB22-450x300.jpg 450w\" sizes=\"auto, (max-width: 1024px) 100vw, 1024px\" \/><\/a><\/figure>\n\n\n\n<p>Destacado jinete con grandes \u00e9xitos a nivel internacional, incluyendo el Cl\u00e1sico Del Caribe de 2008, sobre el ejemplar Sic\u00f3tico, brind\u00e1ndole a su natal Rep\u00fablica Dominicana su primer triunfo en el magno evento h\u00edpico. Hoy le reconocemos como nuevo inmortal del Hipismo Caribe\u00f1o.<\/p>\n\n\n\n<p class=\"has-text-align-center\"><strong>GASPAR RIVERA TORRES &#8211; M\u00e9xico<\/strong><\/p>\n\n\n\n<figure class=\"wp-block-image size-large\"><a href=\"https:\/\/confederacionhipicadelcaribe.org\/wp-content\/uploads\/2022\/11\/Gaspar-Rivera-Torres.jpg\"><img loading=\"lazy\" decoding=\"async\" width=\"1024\" height=\"656\" src=\"https:\/\/confederacionhipicadelcaribe.org\/wp-content\/uploads\/2022\/11\/Gaspar-Rivera-Torres-1024x656.jpg\" alt=\"\" class=\"wp-image-1966\" srcset=\"https:\/\/confederacionhipicadelcaribe.org\/wp-content\/uploads\/2022\/11\/Gaspar-Rivera-Torres-1024x656.jpg 1024w, https:\/\/confederacionhipicadelcaribe.org\/wp-content\/uploads\/2022\/11\/Gaspar-Rivera-Torres-300x192.jpg 300w, https:\/\/confederacionhipicadelcaribe.org\/wp-content\/uploads\/2022\/11\/Gaspar-Rivera-Torres-768x492.jpg 768w, https:\/\/confederacionhipicadelcaribe.org\/wp-content\/uploads\/2022\/11\/Gaspar-Rivera-Torres-468x300.jpg 468w, https:\/\/confederacionhipicadelcaribe.org\/wp-content\/uploads\/2022\/11\/Gaspar-Rivera-Torres.jpg 1238w\" sizes=\"auto, (max-width: 1024px) 100vw, 1024px\" \/><\/a><\/figure>\n\n\n\n<p>La Confederaci\u00f3n H\u00edpica Del Caribe reconoce a una de las m\u00e1s importantes figuras del hipismo en M\u00e9xico y el Caribe. Destacado criador y propietario de excelentes corredores incluyendo a Lococh\u00f3n, ganador del Cl\u00e1sico Del Caribe de 1995 y Walking Proud, ganador de la Copa Velocidad de 2006. <\/p>\n\n\n\n<p class=\"has-text-align-center\"><strong>ARQUITECTO &#8211; Puerto Rico<\/strong><\/p>\n\n\n\n<figure class=\"wp-block-image size-large\"><a href=\"https:\/\/confederacionhipicadelcaribe.org\/wp-content\/uploads\/2022\/11\/Arquitecto.jpg\"><img loading=\"lazy\" decoding=\"async\" width=\"1024\" height=\"735\" src=\"https:\/\/confederacionhipicadelcaribe.org\/wp-content\/uploads\/2022\/11\/Arquitecto-1024x735.jpg\" alt=\"\" class=\"wp-image-1967\" srcset=\"https:\/\/confederacionhipicadelcaribe.org\/wp-content\/uploads\/2022\/11\/Arquitecto-1024x735.jpg 1024w, https:\/\/confederacionhipicadelcaribe.org\/wp-content\/uploads\/2022\/11\/Arquitecto-300x215.jpg 300w, https:\/\/confederacionhipicadelcaribe.org\/wp-content\/uploads\/2022\/11\/Arquitecto-768x551.jpg 768w, https:\/\/confederacionhipicadelcaribe.org\/wp-content\/uploads\/2022\/11\/Arquitecto-1536x1103.jpg 1536w, https:\/\/confederacionhipicadelcaribe.org\/wp-content\/uploads\/2022\/11\/Arquitecto-2048x1470.jpg 2048w, https:\/\/confederacionhipicadelcaribe.org\/wp-content\/uploads\/2022\/11\/Arquitecto-418x300.jpg 418w\" sizes=\"auto, (max-width: 1024px) 100vw, 1024px\" \/><\/a><\/figure>\n\n\n\n<p>Ganador de la Triple Corona en 2012 y la Copa Confraternidad en su pa\u00eds en 2016 entre varias figuraciones en eventos de la Serie H\u00edpica Del Caribe, le hacen merecedor de ser inmortal del Hipismo Caribe\u00f1o.<\/p>\n\n\n\n<p class=\"has-text-align-center\"><strong>SE\u00d1ORITA &#8211; Ecuador<\/strong><\/p>\n\n\n\n<figure class=\"wp-block-image size-full\"><a href=\"https:\/\/confederacionhipicadelcaribe.org\/wp-content\/uploads\/2022\/11\/Senorita-con-su-criador-y-propietario-Ing.-Santiago-Salem-Kronfle.jpg\"><img loading=\"lazy\" decoding=\"async\" width=\"577\" height=\"681\" src=\"https:\/\/confederacionhipicadelcaribe.org\/wp-content\/uploads\/2022\/11\/Senorita-con-su-criador-y-propietario-Ing.-Santiago-Salem-Kronfle.jpg\" alt=\"\" class=\"wp-image-1968\" srcset=\"https:\/\/confederacionhipicadelcaribe.org\/wp-content\/uploads\/2022\/11\/Senorita-con-su-criador-y-propietario-Ing.-Santiago-Salem-Kronfle.jpg 577w, https:\/\/confederacionhipicadelcaribe.org\/wp-content\/uploads\/2022\/11\/Senorita-con-su-criador-y-propietario-Ing.-Santiago-Salem-Kronfle-254x300.jpg 254w\" sizes=\"auto, (max-width: 577px) 100vw, 577px\" \/><\/a><\/figure>\n\n\n\n<p>Excelente corredora ganadora de la Triple Corona en Ecuador, al que represent\u00f3 en el Cl\u00e1sico Del Caribe de 1998. Le brind\u00f3 a su pa\u00eds su primera victoria en eventos de la Serie H\u00edpica Del Caribe, al ganar la Copa Confraternidad de 1999 en el Hip\u00f3dromo Presidente Rem\u00f3n, de Panam\u00e1.<\/p>\n\n\n\n<p class=\"has-text-align-center\"><strong>POINT DETERMINED &#8211; M\u00e9xico<\/strong><\/p>\n\n\n\n<figure class=\"wp-block-image size-full\"><a href=\"https:\/\/confederacionhipicadelcaribe.org\/wp-content\/uploads\/2022\/11\/pointdetermined3.jpg\"><img loading=\"lazy\" decoding=\"async\" width=\"815\" height=\"518\" src=\"https:\/\/confederacionhipicadelcaribe.org\/wp-content\/uploads\/2022\/11\/pointdetermined3.jpg\" alt=\"\" class=\"wp-image-1969\" srcset=\"https:\/\/confederacionhipicadelcaribe.org\/wp-content\/uploads\/2022\/11\/pointdetermined3.jpg 815w, https:\/\/confederacionhipicadelcaribe.org\/wp-content\/uploads\/2022\/11\/pointdetermined3-300x191.jpg 300w, https:\/\/confederacionhipicadelcaribe.org\/wp-content\/uploads\/2022\/11\/pointdetermined3-768x488.jpg 768w, https:\/\/confederacionhipicadelcaribe.org\/wp-content\/uploads\/2022\/11\/pointdetermined3-472x300.jpg 472w\" sizes=\"auto, (max-width: 815px) 100vw, 815px\" \/><\/a><\/figure>\n\n\n\n<p>Las victorias de sus productos Jala Jala y Kukulk\u00e1n tanto en el Cl\u00e1sico Del Caribe como en la Copa Confraternidad entre 2017 a 2019 en el hip\u00f3dromo Gulfstream Park, de Hallandale Beach, en Florida; le hacen merecedor de ser inmortal del Hipismo Caribe\u00f1o.<\/p>\n\n\n\n<p>Textos: JOE BRUNO<\/p>\n","protected":false},"excerpt":{"rendered":"<p>La X Exaltaci\u00f3n al Sal\u00f3n de la Fama del Cl\u00e1sico del Caribe ser\u00e1 el marco para inmortalizar a siete nuevos miembros que marcaron en cada uno de sus renglones un hito en la historia de la fiesta del hipismo caribe\u00f1o. &hellip; <a href=\"https:\/\/confederacionhipicadelcaribe.org\/?p=1962\">Sigue leyendo <span class=\"meta-nav\">&rarr;<\/span><\/a><\/p>\n","protected":false},"author":6,"featured_media":0,"comment_status":"closed","ping_status":"open","sticky":false,"template":"","format":"standard","meta":{"footnotes":""},"categories":[11],"tags":[],"class_list":["post-1962","post","type-post","status-publish","format-standard","hentry","category-serie-hipica-del-caribe-2013"],"_links":{"self":[{"href":"https:\/\/confederacionhipicadelcaribe.org\/index.php?rest_route=\/wp\/v2\/posts\/1962","targetHints":{"allow":["GET"]}}],"collection":[{"href":"https:\/\/confederacionhipicadelcaribe.org\/index.php?rest_route=\/wp\/v2\/posts"}],"about":[{"href":"https:\/\/confederacionhipicadelcaribe.org\/index.php?rest_route=\/wp\/v2\/types\/post"}],"author":[{"embeddable":true,"href":"https:\/\/confederacionhipicadelcaribe.org\/index.php?rest_route=\/wp\/v2\/users\/6"}],"replies":[{"embeddable":true,"href":"https:\/\/confederacionhipicadelcaribe.org\/index.php?rest_route=%2Fwp%2Fv2%2Fcomments&post=1962"}],"version-history":[{"count":2,"href":"https:\/\/confederacionhipicadelcaribe.org\/index.php?rest_route=\/wp\/v2\/posts\/1962\/revisions"}],"predecessor-version":[{"id":1971,"href":"https:\/\/confederacionhipicadelcaribe.org\/index.php?rest_route=\/wp\/v2\/posts\/1962\/revisions\/1971"}],"wp:attachment":[{"href":"https:\/\/confederacionhipicadelcaribe.org\/index.php?rest_route=%2Fwp%2Fv2%2Fmedia&parent=1962"}],"wp:term":[{"taxonomy":"category","embeddable":true,"href":"https:\/\/confederacionhipicadelcaribe.org\/index.php?rest_route=%2Fwp%2Fv2%2Fcategories&post=1962"},{"taxonomy":"post_tag","embeddable":true,"href":"https:\/\/confederacionhipicadelcaribe.org\/index.php?rest_route=%2Fwp%2Fv2%2Ftags&post=1962"}],"curies":[{"name":"wp","href":"https:\/\/api.w.org\/{rel}","templated":true}]}}