{"id":2190,"date":"2023-09-13T03:11:31","date_gmt":"2023-09-13T03:11:31","guid":{"rendered":"https:\/\/confederacionhipicadelcaribe.org\/?p=2190"},"modified":"2023-09-13T03:34:25","modified_gmt":"2023-09-13T03:34:25","slug":"nota-de-prensa-clasico-internacional-del-caribe-panama-2023-panama","status":"publish","type":"post","link":"https:\/\/confederacionhipicadelcaribe.org\/?p=2190","title":{"rendered":"Rueda de prensa Cl\u00e1sico Internacional del Caribe Panam\u00e1 2023"},"content":{"rendered":"\n<figure class=\"wp-block-image size-large\"><a href=\"http:\/\/confederacionhipicadelcaribe.org\/wp-content\/uploads\/2023\/09\/165A9470-1-scaled.jpg\"><img loading=\"lazy\" decoding=\"async\" width=\"1024\" height=\"683\" src=\"http:\/\/confederacionhipicadelcaribe.org\/wp-content\/uploads\/2023\/09\/165A9470-1-1024x683.jpg\" alt=\"\" class=\"wp-image-2194\" srcset=\"https:\/\/confederacionhipicadelcaribe.org\/wp-content\/uploads\/2023\/09\/165A9470-1-1024x683.jpg 1024w, https:\/\/confederacionhipicadelcaribe.org\/wp-content\/uploads\/2023\/09\/165A9470-1-300x200.jpg 300w, https:\/\/confederacionhipicadelcaribe.org\/wp-content\/uploads\/2023\/09\/165A9470-1-768x512.jpg 768w, https:\/\/confederacionhipicadelcaribe.org\/wp-content\/uploads\/2023\/09\/165A9470-1-1536x1024.jpg 1536w, https:\/\/confederacionhipicadelcaribe.org\/wp-content\/uploads\/2023\/09\/165A9470-1-2048x1365.jpg 2048w, https:\/\/confederacionhipicadelcaribe.org\/wp-content\/uploads\/2023\/09\/165A9470-1-450x300.jpg 450w\" sizes=\"auto, (max-width: 1024px) 100vw, 1024px\" \/><\/a><\/figure>\n\n\n\n<p>Nota de prensa 12 de septiembre de 2023..- Con la presencia del Comit\u00e9 Organizador del Cl\u00e1sico Internacional del Caribe 2023; directivos de H\u00edpica de Panam\u00e1, S.A.; presidentes de gremios h\u00edpicos; representantes del gobierno nacional y miembros de los medios de comunicaci\u00f3n social, se realiz\u00f3 la conferencia de prensa del Cl\u00e1sico Internacional del Caribe, el martes 12 de septiembre, en el sal\u00f3n Presidencial del Hip\u00f3dromo Presidente Rem\u00f3n. El acto de bienvenida fue presidido por el Director de Operaciones H\u00edpicas de Codere Panam\u00e1, Carlos de Oliveira; haciendo \u00e9nfasis en el extraordinario espect\u00e1culo h\u00edpico, la importante oportunidad tur\u00edstica, la significativa inversi\u00f3n en adecuaciones e infraestructura por parte de la empresa operadora y el entusiasta trabajo en equipo de todos los involucrados a la organizaci\u00f3n del magno evento. <\/p>\n\n\n\n<figure class=\"wp-block-image size-large\"><a href=\"http:\/\/confederacionhipicadelcaribe.org\/wp-content\/uploads\/2023\/09\/165A9411-1-scaled.jpg\"><img loading=\"lazy\" decoding=\"async\" width=\"1024\" height=\"683\" src=\"http:\/\/confederacionhipicadelcaribe.org\/wp-content\/uploads\/2023\/09\/165A9411-1-1024x683.jpg\" alt=\"\" class=\"wp-image-2193\" srcset=\"https:\/\/confederacionhipicadelcaribe.org\/wp-content\/uploads\/2023\/09\/165A9411-1-1024x683.jpg 1024w, https:\/\/confederacionhipicadelcaribe.org\/wp-content\/uploads\/2023\/09\/165A9411-1-300x200.jpg 300w, https:\/\/confederacionhipicadelcaribe.org\/wp-content\/uploads\/2023\/09\/165A9411-1-768x512.jpg 768w, https:\/\/confederacionhipicadelcaribe.org\/wp-content\/uploads\/2023\/09\/165A9411-1-1536x1024.jpg 1536w, https:\/\/confederacionhipicadelcaribe.org\/wp-content\/uploads\/2023\/09\/165A9411-1-2048x1365.jpg 2048w, https:\/\/confederacionhipicadelcaribe.org\/wp-content\/uploads\/2023\/09\/165A9411-1-450x300.jpg 450w\" sizes=\"auto, (max-width: 1024px) 100vw, 1024px\" \/><\/a><\/figure>\n\n\n\n<p>Por su parte, Rafael Fern\u00e1ndez, presidente del Comit\u00e9 Organizador del Cl\u00e1sico Internacional del Caribe, subray\u00f3 que el domingo 10 de diciembre se correr\u00e1n las seis (6) carreras internacionales de la Serie H\u00edpica del Caribe, que superan un monto de 800 mil d\u00f3lares; tales como la Copa Confraternidad, Copa Confraternidad de Hembras, Copa Invitacional para importados, Copa Dama del Caribe, Copa Velocidad y el evento estelar, Cl\u00e1sico Internacional del Caribe; el cual contar\u00e1 con la participaci\u00f3n de astros de la fusta, como: Irak Ortiz, Javier Castellano, Jos\u00e9 Lezcano, Luis S\u00e1ez, entre otros. De igual manera, convers\u00f3 sobre la cartelera h\u00edpica previa, del s\u00e1bado 9 de diciembre, presentando tradicionales eventos cl\u00e1sicos dedicados a Laffit Pincay Jr. y al D\u00eda de la Madre. Fern\u00e1ndez tambi\u00e9n expuso sobre la cuarentena; los registros sanitarios por parte del MIDA; la figura de un juez internacional para el laboratorio de muestras; el respaldo de Pandeportes con los estacionamientos del estadio Rommel Fern\u00e1ndez, el hospedaje de los mozos de corral; y el costo de entrada general al Hip\u00f3dromo el d\u00eda del evento: $2.00 adultos; $1.00 jubilados y ni\u00f1os. <\/p>\n\n\n\n<figure class=\"wp-block-image size-large\"><a href=\"https:\/\/confederacionhipicadelcaribe.org\/wp-content\/uploads\/2023\/09\/165A9443-scaled.jpg\"><img loading=\"lazy\" decoding=\"async\" width=\"1024\" height=\"683\" src=\"https:\/\/confederacionhipicadelcaribe.org\/wp-content\/uploads\/2023\/09\/165A9443-1024x683.jpg\" alt=\"\" class=\"wp-image-2198\" srcset=\"https:\/\/confederacionhipicadelcaribe.org\/wp-content\/uploads\/2023\/09\/165A9443-1024x683.jpg 1024w, https:\/\/confederacionhipicadelcaribe.org\/wp-content\/uploads\/2023\/09\/165A9443-300x200.jpg 300w, https:\/\/confederacionhipicadelcaribe.org\/wp-content\/uploads\/2023\/09\/165A9443-768x512.jpg 768w, https:\/\/confederacionhipicadelcaribe.org\/wp-content\/uploads\/2023\/09\/165A9443-1536x1024.jpg 1536w, https:\/\/confederacionhipicadelcaribe.org\/wp-content\/uploads\/2023\/09\/165A9443-2048x1365.jpg 2048w, https:\/\/confederacionhipicadelcaribe.org\/wp-content\/uploads\/2023\/09\/165A9443-450x300.jpg 450w\" sizes=\"auto, (max-width: 1024px) 100vw, 1024px\" \/><\/a><\/figure>\n\n\n\n<p>Entre tanto, Andr\u00e9s Farrugia Jr., presidente del consorcio Parking Site, S.A., se dirigi\u00f3 a los presentes ampliando sobre los avances de construcci\u00f3n de la extraordinaria renovaci\u00f3n del nuevo Parking Site del Hip\u00f3dromo; proyecto que marca un hito significativo y un salto hacia la modernizaci\u00f3n y mejora de las instalaciones con un dise\u00f1o innovador creado con est\u00e1ndares internacionales, manteniendo una identidad ecuestre e incorporando una oferta vanguardista, c\u00f3moda y con una ubicaci\u00f3n estrat\u00e9gica, que incluye: gran variedad gastron\u00f3mica, canchas de padel, entretenimiento, parque para perros, seguridad y amplios estacionamientos; brindando una experiencia \u00fanica a los asistentes. Se espera que el proyecto este listo antes del 9 de diciembre, fecha programada para su gran inauguraci\u00f3n con un mega concierto, en la v\u00edspera del Cl\u00e1sico Internacional del Caribe 2023. En representaci\u00f3n de la C\u00e1mara de Turismo de Panam\u00e1, se cont\u00f3 con la presencia de su presidente Antonio Alfaro; quien felicit\u00f3 al comit\u00e9 organizador por todo lo logrado hasta el momento e hizo sentir tu entusiasmo por la realizaci\u00f3n de un evento de tal importancia; destacando su impacto en el sector tur\u00edstico. <\/p>\n\n\n\n\n\n<p>Al finalizar el acto de conferencia de prensa, se agradeci\u00f3 a los medios de comunicaci\u00f3n, a todos los presentes y a todos los involucrados con el evento pa\u00eds m\u00e1s importante del a\u00f1o, hasta una pr\u00f3xima rueda de prensa donde se ampl\u00eden m\u00e1s avances.<\/p>\n\n\n\n<figure class=\"wp-block-embed is-type-video is-provider-youtube wp-block-embed-youtube wp-embed-aspect-16-9 wp-has-aspect-ratio\"><div class=\"wp-block-embed__wrapper\">\n<iframe loading=\"lazy\" title=\"RESUMEN CONFERENCIA DE PRENSA CL\u00c1SICO DEL CARIBE   PANAM\u00c1 2023\" width=\"584\" height=\"329\" src=\"https:\/\/www.youtube.com\/embed\/yC9RmQzXDsg?feature=oembed\" frameborder=\"0\" allow=\"accelerometer; autoplay; clipboard-write; encrypted-media; gyroscope; picture-in-picture; web-share\" referrerpolicy=\"strict-origin-when-cross-origin\" allowfullscreen><\/iframe>\n<\/div><\/figure>\n","protected":false},"excerpt":{"rendered":"<p>Nota de prensa 12 de septiembre de 2023..- Con la presencia del Comit\u00e9 Organizador del Cl\u00e1sico Internacional del Caribe 2023; directivos de H\u00edpica de Panam\u00e1, S.A.; presidentes de gremios h\u00edpicos; representantes del gobierno nacional y miembros de los medios de &hellip; <a href=\"https:\/\/confederacionhipicadelcaribe.org\/?p=2190\">Sigue leyendo <span class=\"meta-nav\">&rarr;<\/span><\/a><\/p>\n","protected":false},"author":6,"featured_media":0,"comment_status":"closed","ping_status":"open","sticky":false,"template":"","format":"standard","meta":{"footnotes":""},"categories":[11],"tags":[],"class_list":["post-2190","post","type-post","status-publish","format-standard","hentry","category-serie-hipica-del-caribe-2013"],"_links":{"self":[{"href":"https:\/\/confederacionhipicadelcaribe.org\/index.php?rest_route=\/wp\/v2\/posts\/2190","targetHints":{"allow":["GET"]}}],"collection":[{"href":"https:\/\/confederacionhipicadelcaribe.org\/index.php?rest_route=\/wp\/v2\/posts"}],"about":[{"href":"https:\/\/confederacionhipicadelcaribe.org\/index.php?rest_route=\/wp\/v2\/types\/post"}],"author":[{"embeddable":true,"href":"https:\/\/confederacionhipicadelcaribe.org\/index.php?rest_route=\/wp\/v2\/users\/6"}],"replies":[{"embeddable":true,"href":"https:\/\/confederacionhipicadelcaribe.org\/index.php?rest_route=%2Fwp%2Fv2%2Fcomments&post=2190"}],"version-history":[{"count":4,"href":"https:\/\/confederacionhipicadelcaribe.org\/index.php?rest_route=\/wp\/v2\/posts\/2190\/revisions"}],"predecessor-version":[{"id":2197,"href":"https:\/\/confederacionhipicadelcaribe.org\/index.php?rest_route=\/wp\/v2\/posts\/2190\/revisions\/2197"}],"wp:attachment":[{"href":"https:\/\/confederacionhipicadelcaribe.org\/index.php?rest_route=%2Fwp%2Fv2%2Fmedia&parent=2190"}],"wp:term":[{"taxonomy":"category","embeddable":true,"href":"https:\/\/confederacionhipicadelcaribe.org\/index.php?rest_route=%2Fwp%2Fv2%2Fcategories&post=2190"},{"taxonomy":"post_tag","embeddable":true,"href":"https:\/\/confederacionhipicadelcaribe.org\/index.php?rest_route=%2Fwp%2Fv2%2Ftags&post=2190"}],"curies":[{"name":"wp","href":"https:\/\/api.w.org\/{rel}","templated":true}]}}