{"id":2291,"date":"2023-12-23T22:49:17","date_gmt":"2023-12-23T22:49:17","guid":{"rendered":"https:\/\/confederacionhipicadelcaribe.org\/?p=2291"},"modified":"2023-12-23T22:49:38","modified_gmt":"2023-12-23T22:49:38","slug":"corregido-el-tiempo-oficial-del-clasico-internacional-del-caribe-2023","status":"publish","type":"post","link":"https:\/\/confederacionhipicadelcaribe.org\/?p=2291","title":{"rendered":"CORREGIDOS LOS PARCIALES Y EL TIEMPO FINAL OFICIAL DEL CLASICO INTERNACIONAL DEL CARIBE 2023"},"content":{"rendered":"\n<figure class=\"wp-block-image size-large is-resized\"><a href=\"http:\/\/confederacionhipicadelcaribe.org\/wp-content\/uploads\/2023\/12\/C9-BLESS-BEN-HUR-Clasico-LV-Del-Caribe-1--scaled.jpg\"><img loading=\"lazy\" decoding=\"async\" src=\"http:\/\/confederacionhipicadelcaribe.org\/wp-content\/uploads\/2023\/12\/C9-BLESS-BEN-HUR-Clasico-LV-Del-Caribe-1--1024x683.jpg\" alt=\"\" class=\"wp-image-2271\" width=\"614\" height=\"409\" srcset=\"https:\/\/confederacionhipicadelcaribe.org\/wp-content\/uploads\/2023\/12\/C9-BLESS-BEN-HUR-Clasico-LV-Del-Caribe-1--1024x683.jpg 1024w, https:\/\/confederacionhipicadelcaribe.org\/wp-content\/uploads\/2023\/12\/C9-BLESS-BEN-HUR-Clasico-LV-Del-Caribe-1--300x200.jpg 300w, https:\/\/confederacionhipicadelcaribe.org\/wp-content\/uploads\/2023\/12\/C9-BLESS-BEN-HUR-Clasico-LV-Del-Caribe-1--768x512.jpg 768w, https:\/\/confederacionhipicadelcaribe.org\/wp-content\/uploads\/2023\/12\/C9-BLESS-BEN-HUR-Clasico-LV-Del-Caribe-1--1536x1024.jpg 1536w, https:\/\/confederacionhipicadelcaribe.org\/wp-content\/uploads\/2023\/12\/C9-BLESS-BEN-HUR-Clasico-LV-Del-Caribe-1--2048x1365.jpg 2048w, https:\/\/confederacionhipicadelcaribe.org\/wp-content\/uploads\/2023\/12\/C9-BLESS-BEN-HUR-Clasico-LV-Del-Caribe-1--450x300.jpg 450w\" sizes=\"auto, (max-width: 614px) 100vw, 614px\" \/><\/a><\/figure>\n\n\n\n<p>Por Joe Bruno.- El presidente del Comit\u00e9 Organizador de la Serie H\u00edpica Del Caribe Panam\u00e1 2023, Rafael \u00abRafy\u00bb Fern\u00e1ndez, dio a conocer la correcci\u00f3n de los tiempos parciales y final de la edici\u00f3n 55 del Cl\u00e1sico Internacional Del Caribe, efectuado en el hip\u00f3dromo Presidente Rem\u00f3n, de Panam\u00e1, el domingo 10 de diciembre de 2023.<\/p>\n\n\n\n<p>Fern\u00e1ndez indica que, luego de atender una petici\u00f3n a los efectos de revisar los tiempos de la referida carrera, el encargado del sistema de cron\u00f3metro digital del hip\u00f3dromo, Maximiliano Mart\u00ednez, quien realiz\u00f3 la revisi\u00f3n; se\u00f1al\u00f3 que la informaci\u00f3n correcta es la siguiente:<\/p>\n\n\n\n<p>400 metros: :24.49.<\/p>\n\n\n\n<p>800 metros: 49.66.<\/p>\n\n\n\n<p>1,200 metros: 1:15.21.<\/p>\n\n\n\n<p>Milla: 1:41.96.<\/p>\n\n\n\n<p>Tiempo Final: 1:56.98.<\/p>\n\n\n\n<p>El ganador de la edici\u00f3n 55 del Cl\u00e1sico Internacional Del Caribe lo fue el representante de Panam\u00e1, Blessed Ben Hur, montado por Luis S\u00e1ez, para el Stud Dani-Sam y entrenado por Mario Est\u00e9vez.<\/p>\n\n\n\n<p>Es un producto del semental Tiz Blessed en la yegua Indiana Got Even, por Stephen Got Even, criado en Haras San Isidro.<\/p>\n","protected":false},"excerpt":{"rendered":"<p>Por Joe Bruno.- El presidente del Comit\u00e9 Organizador de la Serie H\u00edpica Del Caribe Panam\u00e1 2023, Rafael \u00abRafy\u00bb Fern\u00e1ndez, dio a conocer la correcci\u00f3n de los tiempos parciales y final de la edici\u00f3n 55 del Cl\u00e1sico Internacional Del Caribe, efectuado &hellip; <a href=\"https:\/\/confederacionhipicadelcaribe.org\/?p=2291\">Sigue leyendo <span class=\"meta-nav\">&rarr;<\/span><\/a><\/p>\n","protected":false},"author":6,"featured_media":0,"comment_status":"closed","ping_status":"open","sticky":false,"template":"","format":"standard","meta":{"footnotes":""},"categories":[11],"tags":[],"class_list":["post-2291","post","type-post","status-publish","format-standard","hentry","category-serie-hipica-del-caribe-2013"],"_links":{"self":[{"href":"https:\/\/confederacionhipicadelcaribe.org\/index.php?rest_route=\/wp\/v2\/posts\/2291","targetHints":{"allow":["GET"]}}],"collection":[{"href":"https:\/\/confederacionhipicadelcaribe.org\/index.php?rest_route=\/wp\/v2\/posts"}],"about":[{"href":"https:\/\/confederacionhipicadelcaribe.org\/index.php?rest_route=\/wp\/v2\/types\/post"}],"author":[{"embeddable":true,"href":"https:\/\/confederacionhipicadelcaribe.org\/index.php?rest_route=\/wp\/v2\/users\/6"}],"replies":[{"embeddable":true,"href":"https:\/\/confederacionhipicadelcaribe.org\/index.php?rest_route=%2Fwp%2Fv2%2Fcomments&post=2291"}],"version-history":[{"count":3,"href":"https:\/\/confederacionhipicadelcaribe.org\/index.php?rest_route=\/wp\/v2\/posts\/2291\/revisions"}],"predecessor-version":[{"id":2294,"href":"https:\/\/confederacionhipicadelcaribe.org\/index.php?rest_route=\/wp\/v2\/posts\/2291\/revisions\/2294"}],"wp:attachment":[{"href":"https:\/\/confederacionhipicadelcaribe.org\/index.php?rest_route=%2Fwp%2Fv2%2Fmedia&parent=2291"}],"wp:term":[{"taxonomy":"category","embeddable":true,"href":"https:\/\/confederacionhipicadelcaribe.org\/index.php?rest_route=%2Fwp%2Fv2%2Fcategories&post=2291"},{"taxonomy":"post_tag","embeddable":true,"href":"https:\/\/confederacionhipicadelcaribe.org\/index.php?rest_route=%2Fwp%2Fv2%2Ftags&post=2291"}],"curies":[{"name":"wp","href":"https:\/\/api.w.org\/{rel}","templated":true}]}}