{"id":2338,"date":"2024-06-12T21:42:37","date_gmt":"2024-06-12T21:42:37","guid":{"rendered":"https:\/\/confederacionhipicadelcaribe.org\/?p=2338"},"modified":"2024-06-12T22:35:07","modified_gmt":"2024-06-12T22:35:07","slug":"asamblea-de-medio-ano-cancun-2024-venezuela-ratificada-como-sede-de-la-serie-hipica-del-caribe-2024","status":"publish","type":"post","link":"https:\/\/confederacionhipicadelcaribe.org\/?p=2338","title":{"rendered":"VENEZUELA RATIFICADA COMO SEDE DE LA SERIE HIPICA DEL CARIBE 2024"},"content":{"rendered":"\n<p>ASAMBLEA DE MEDIO A\u00d1O CANCUN 2024 <\/p>\n\n\n\n<figure class=\"wp-block-image size-large\"><a href=\"https:\/\/confederacionhipicadelcaribe.org\/wp-content\/uploads\/2024\/06\/cancun24-1-scaled.jpg\"><img loading=\"lazy\" decoding=\"async\" width=\"1024\" height=\"554\" src=\"https:\/\/confederacionhipicadelcaribe.org\/wp-content\/uploads\/2024\/06\/cancun24-1-1024x554.jpg\" alt=\"\" class=\"wp-image-2345\" srcset=\"https:\/\/confederacionhipicadelcaribe.org\/wp-content\/uploads\/2024\/06\/cancun24-1-1024x554.jpg 1024w, https:\/\/confederacionhipicadelcaribe.org\/wp-content\/uploads\/2024\/06\/cancun24-1-300x162.jpg 300w, https:\/\/confederacionhipicadelcaribe.org\/wp-content\/uploads\/2024\/06\/cancun24-1-768x416.jpg 768w, https:\/\/confederacionhipicadelcaribe.org\/wp-content\/uploads\/2024\/06\/cancun24-1-1536x832.jpg 1536w, https:\/\/confederacionhipicadelcaribe.org\/wp-content\/uploads\/2024\/06\/cancun24-1-2048x1109.jpg 2048w, https:\/\/confederacionhipicadelcaribe.org\/wp-content\/uploads\/2024\/06\/cancun24-1-500x271.jpg 500w\" sizes=\"auto, (max-width: 1024px) 100vw, 1024px\" \/><\/a><\/figure>\n\n\n\n<p>Oficina de Prensa. Confederaci\u00f3n H\u00edpica del Caribe (CHC). El pasado s\u00e1bado 8 de junio de 2024 se llev\u00f3 a cabo en la ciudad de Canc\u00fan, M\u00e9xico, la Asamblea de Medio A\u00f1o de la Confederaci\u00f3n H\u00edpica del Caribe (CHC), a la que acudieron delegados y representantes de M\u00e9xico, Panam\u00e1, Puerto Rico y Venezuela.<\/p>\n\n\n\n<p>La Asamblea fue presidida por Claudio \u00c1lvarez, Vice-Presidente de la CHC, en sustituci\u00f3n del Presidente Alberto Paz Rodr\u00edguez, quien por motivos de salud no pudo asistir al igual que el secretario Jos\u00e9 Zaj\u00eda, el informe del Presidente fue presentado y le\u00eddo por el Director Rafael Fernandez; y el del Secretario fue entregado por escrito a todos los asistentes y expuesto en la reuni\u00f3n.<\/p>\n\n\n\n<p>Tras la aprobaci\u00f3n del Acta de la Asamblea de Fin de A\u00f1o 2023 llevada a cabo en Panam\u00e1, se ratific\u00f3 a Venezuela como sede y anfitri\u00f3n de la Serie H\u00edpica del Caribe 2024 a disputarse el domingo 8 de diciembre de 2024 en el Hip\u00f3dromo Internacional La Rinconada, ubicado al sur oeste de Caracas.<\/p>\n\n\n\n<p>El Dr. Luigi Miglietti, representante de Venezuela, expuso los puntos relacionados con la organizaci\u00f3n del evento, destacando que los est\u00e1ndares de calidad y atenci\u00f3n prestada mostrados en 2022, los cuales ser\u00e1n replicados en esta nueva oportunidad; garantizando los puntos neur\u00e1lgicos para el trato de los equinos y el personal que les acompa\u00f1en, as\u00ed como de las delegaciones extranjeras y locales presentes en el evento. Tambien record\u00f3 sobre el acuerdo suscrito entre la CHC, las autoridades y gremios h\u00edpicos de Venezuela respecto a la apertura de la programaci\u00f3n del Hip\u00f3dromo La Rinconada a todos los pa\u00edses pertenecientes a la CHC, lo que permite que cualquier caballo caribe\u00f1o pueda competir como local y participando por los nuevos premios que Venezuela ofrece que en la actualidad son de los mejores y m\u00e1s altos de Latinoamerica.<\/p>\n\n\n\n<p>Miglietti tambi\u00e9n inform\u00f3 acerca de una reuni\u00f3n que sostuvo como asesor legal de CHC con las autoridades de Gulfstream Park, en la persona de Mike Rogers, en la que este \u00faltimo expuso las intenciones del Grupo Stronach, de solicitar la sede a corto o mediano plazo de la Serie H\u00edpica del Caribe, tras las exitosas ediciones de 2017, 2018 y 2019, que se corrieron en el hip\u00f3dromo ubicado en Hallandale, al noreste de Miami, Florida. &nbsp;Gulfstream Park mostr\u00f3 inter\u00e9s de entrar a futuro dentro del sistema de rotaci\u00f3n de sedes y as\u00ed poder nuevamente tener la oportunidad de ser los organizadores y anfitriones de la Serie H\u00edpica de Caribe.<\/p>\n\n\n\n<p>Seguidamente, la delegaci\u00f3n de M\u00e9xico, en palabras de su delegado Claudio Alvarez hijo, expus\u00f3 su intenci\u00f3n de ser sede de la Serie H\u00edpica del Caribe a\u00f1o 2025, llegando a la conclusi\u00f3n de que, tal como establece los estatutos de CHC se aplique el principio de la rotaci\u00f3n y derecho que tiene todo pa\u00eds miembro de ser los anfitriones y organizadores del evento; y en la Asamblea de Fin de A\u00f1o del s\u00e1bado 7 de diciembre pr\u00f3ximo, M\u00e9xico presentar\u00eda formalmente su propuesta y las bondades de la misma, de cara a la asignaci\u00f3n correspondiente seg\u00fan reza el reglamento.<\/p>\n\n\n\n<p>En un acto que t\u00e1citamente demuestra la salud y la confraternidad que vive la Confederaci\u00f3n del Caribe entre sus pa\u00edses miembros y delegados, Puerto Rico declin\u00f3 sus intenciones y no present\u00f3 propuesta para el a\u00f1o 2025, bas\u00e1ndose en el sistema de rotaci\u00f3n de sede entre los pa\u00edses miembros, habida cuenta de que el hip\u00f3dromo Camarero fue sede en 2021 y que M\u00e9xico no ha sido anfitri\u00f3n desde 1998, a\u00f1o en el que se disput\u00f3 el Cl\u00e1sico del Caribe y la Copa Confraternidad en el hip\u00f3dromo de Aguas Calientes, Tijuana.<\/p>\n\n\n\n<p>La representaci\u00f3n borinque\u00f1a manifest\u00f3 su intenci\u00f3n de presentar en el Hip\u00f3dromo de Camarero y ser los anfitriones de la Serie H\u00edpica del Caribe 2026, a\u00f1o en el cual tambi\u00e9n ha mostrado y ratificado formalmente su inter\u00e9s la delegaci\u00f3n de Rep\u00fablica Dominicana mediante comunicaci\u00f3n enviada a la Junta Directiva de la CHC. As\u00ed mismo Panam\u00e1 y Venezuela manifestaron su inter\u00e9s en presentar nuevamente el evento a futuro.<\/p>\n\n\n\n<p>El punto sobre la rotaci\u00f3n de sedes fue abordado por todas las delegaciones presentes, quienes por unanimidad consideraron e indicaron que este sistema alternativo de asignaci\u00f3n estipulado en los estatutos de la CHC es el m\u00e1s sano, justo y equitativo para todos sus miembros; e indicaron el beneficio que tendr\u00eda tener perfeccionado un calendario tentativo de rotaci\u00f3n de sede entre los pa\u00edses miembros de la CHC.<\/p>\n\n\n\n<p>Finalmente y abordando un tema expresado en el informe del Secretario de la CHC en referencia al trato de las delegaciones extranjeras y locales asistentes a los distintos Hip\u00f3dromos donde se presentar\u00e1 la Serie H\u00edpica del Caribe, Miglietti present\u00f3 una peque\u00f1a modificaci\u00f3n al Art\u00edculo 70 del Reglamento de la Confederaci\u00f3n H\u00edpica del Caribe &amp; Serie H\u00edpica del Caribe, propuesta ampliada a su vez por Lu\u00eds Orraca, delegado de Puerto Rico, en la cual se garantiza el mejor trato posible a todos los participantes y presentes.<\/p>\n","protected":false},"excerpt":{"rendered":"<p>ASAMBLEA DE MEDIO A\u00d1O CANCUN 2024 Oficina de Prensa. Confederaci\u00f3n H\u00edpica del Caribe (CHC). El pasado s\u00e1bado 8 de junio de 2024 se llev\u00f3 a cabo en la ciudad de Canc\u00fan, M\u00e9xico, la Asamblea de Medio A\u00f1o de la Confederaci\u00f3n &hellip; <a href=\"https:\/\/confederacionhipicadelcaribe.org\/?p=2338\">Sigue leyendo <span class=\"meta-nav\">&rarr;<\/span><\/a><\/p>\n","protected":false},"author":6,"featured_media":0,"comment_status":"closed","ping_status":"open","sticky":false,"template":"","format":"standard","meta":{"footnotes":""},"categories":[12],"tags":[],"class_list":["post-2338","post","type-post","status-publish","format-standard","hentry","category-prensa"],"_links":{"self":[{"href":"https:\/\/confederacionhipicadelcaribe.org\/index.php?rest_route=\/wp\/v2\/posts\/2338","targetHints":{"allow":["GET"]}}],"collection":[{"href":"https:\/\/confederacionhipicadelcaribe.org\/index.php?rest_route=\/wp\/v2\/posts"}],"about":[{"href":"https:\/\/confederacionhipicadelcaribe.org\/index.php?rest_route=\/wp\/v2\/types\/post"}],"author":[{"embeddable":true,"href":"https:\/\/confederacionhipicadelcaribe.org\/index.php?rest_route=\/wp\/v2\/users\/6"}],"replies":[{"embeddable":true,"href":"https:\/\/confederacionhipicadelcaribe.org\/index.php?rest_route=%2Fwp%2Fv2%2Fcomments&post=2338"}],"version-history":[{"count":6,"href":"https:\/\/confederacionhipicadelcaribe.org\/index.php?rest_route=\/wp\/v2\/posts\/2338\/revisions"}],"predecessor-version":[{"id":2346,"href":"https:\/\/confederacionhipicadelcaribe.org\/index.php?rest_route=\/wp\/v2\/posts\/2338\/revisions\/2346"}],"wp:attachment":[{"href":"https:\/\/confederacionhipicadelcaribe.org\/index.php?rest_route=%2Fwp%2Fv2%2Fmedia&parent=2338"}],"wp:term":[{"taxonomy":"category","embeddable":true,"href":"https:\/\/confederacionhipicadelcaribe.org\/index.php?rest_route=%2Fwp%2Fv2%2Fcategories&post=2338"},{"taxonomy":"post_tag","embeddable":true,"href":"https:\/\/confederacionhipicadelcaribe.org\/index.php?rest_route=%2Fwp%2Fv2%2Ftags&post=2338"}],"curies":[{"name":"wp","href":"https:\/\/api.w.org\/{rel}","templated":true}]}}