{"id":682,"date":"2013-06-15T02:41:03","date_gmt":"2013-06-15T02:41:03","guid":{"rendered":"http:\/\/confederacionhipicadelcaribe.org\/?p=682"},"modified":"2013-06-15T21:26:51","modified_gmt":"2013-06-15T21:26:51","slug":"mexico-declina-organizacion-del-clasico-del-caribe-2013","status":"publish","type":"post","link":"https:\/\/confederacionhipicadelcaribe.org\/?p=682","title":{"rendered":"M\u00e9xico declina organizaci\u00f3n del Cl\u00e1sico del Caribe 2013"},"content":{"rendered":"<p style=\"text-align: justify;\"><a href=\"http:\/\/confederacionhipicadelcaribe.org\/wp-content\/uploads\/2013\/06\/hipo_las_americas.jpg\"><img loading=\"lazy\" decoding=\"async\" class=\"alignleft  wp-image-688\" style=\"border: 0px none; margin: 0px 2px;\" title=\"hipo_las_americas\" src=\"http:\/\/confederacionhipicadelcaribe.org\/wp-content\/uploads\/2013\/06\/hipo_las_americas-150x150.jpg\" alt=\"\" width=\"135\" height=\"135\" \/><\/a><strong>Hip\u00f3dromo de Las Am\u00e9ricas, DF, a 9 de abril de 2013<\/strong><\/p>\n<p style=\"text-align: justify;\">A lo largo de m\u00e1s de 45 a\u00f1os, M\u00e9xico ha sido un protagonista importante en la Serie H\u00edpica del Caribe, un evento que a la fecha est\u00e1 compuesto por cinco carreras Pura Sangre, en las que la prueba estelar, el Cl\u00e1sico del Caribe, est\u00e1 dedicada a los corredores de tres a\u00f1os criados en los pa\u00edses que conforman la Confederaci\u00f3n H\u00edpica del Caribe, asociaci\u00f3n a la que M\u00e9xico pertenece.<\/p>\n<p style=\"text-align: justify;\"><!--more-->Este Cl\u00e1sico se corre en distancia de 1,800 metros y ha crecido con el tiempo su premio, de 30 mil d\u00f3lares originales, a cerca de 400 mil en la reciente edici\u00f3n de San Juan de Puerto Rico del pasado mes de diciembre.<\/p>\n<p style=\"text-align: justify;\">Fue justo en la reuni\u00f3n que sostuvo la Confederaci\u00f3n en el Hip\u00f3dromo El Camarero de Puerto Rico, en el que el Hip\u00f3dromo de Las Am\u00e9ricas recibi\u00f3 el visto bueno para convertirse en la sede de la Serie del 2013.<\/p>\n<p style=\"text-align: justify;\">Los antecedentes de esta carrera en M\u00e9xico, en particular en el DF, son de dos oportunidades en los ya lejanos a\u00f1os 70\u00b4s. En ambas oportunidades las victorias fueron para M\u00e9xico, y m\u00e1s all\u00e1 de ello, en una ocasi\u00f3n se logr\u00f3 el 1-2 , y en la otra, un contundente 1-2-3-4.<\/p>\n<p style=\"text-align: justify;\">Bajo la administraci\u00f3n de CODERE, empresa que opera los hip\u00f3dromos Presidente Rem\u00f3n en Panam\u00e1, Nacional de Maro\u00f1as en Uruguay y el de Las Am\u00e9ricas en M\u00e9xico, las carreras de caballos han recibido un apoyo significativo.<\/p>\n<p style=\"text-align: justify;\">De las obras por estrenar en Las Am\u00e9ricas est\u00e1n la alberca equina y la cl\u00ednica de especialidades, siendo ambas orientadas al bienestar de los atletas que son los caballos de carreras.<\/p>\n<p style=\"text-align: justify;\">A esto habr\u00eda que agregar, entre otras, labores de mantenimiento en pista, mejoras en el anti doping y estrategias publicitarias para acercar y renovar la afici\u00f3n por el espect\u00e1culo h\u00edpico.<\/p>\n<p style=\"text-align: justify;\">Estas mejoras buscan impulsar el espect\u00e1culo en todos los niveles.<\/p>\n<p style=\"text-align: justify;\">Celebrar la Serie H\u00edpica del Caribe formaba parte del festejo de los primeros 70 a\u00f1os de Las Am\u00e9ricas, aniversario que se cumpli\u00f3 el pasado 6 de marzo.<\/p>\n<p style=\"text-align: justify;\">Sin embargo, algunos de los pa\u00edses participantes han manifestado los inconvenientes para enviar sus caballos a M\u00e9xico, aduciendo principalmente razones de la altitud (2,240 msnm) del DF.<\/p>\n<p style=\"text-align: justify;\">Para cualquier organizador de un evento internacional, la representaci\u00f3n de la mayor cantidad de pa\u00edses afiliados es muy importante, y no poder contar con todas las delegaciones que de forma entusiasta y competitiva lo hacen a\u00f1o con a\u00f1o, constituyen el motivo principal por el que M\u00e9xico declina la organizaci\u00f3n de la Serie H\u00edpica del 2013, esperando tener la oportunidad de hacerlo en un futuro cercano, y concentrando ahora todos sus esfuerzos en consolidar las mejoras del espect\u00e1culo ya mencionadas.<\/p>\n<p style=\"text-align: justify;\">Esta postura ser\u00e1 ratificada en la reuni\u00f3n de medio a\u00f1o de la Confederaci\u00f3n H\u00edpica del Caribe, del pr\u00f3ximo mes de junio. En dicha reuni\u00f3n, ser\u00e1 dada a conocer la sede de la Serie del 2013, que de manera alterna hab\u00eda sido conferida al hip\u00f3dromo Presidente Rem\u00f3n de Panam\u00e1.<\/p>\n<p style=\"text-align: justify;\">Por su atenci\u00f3n a la presente, muchas gracias.<\/p>\n<p style=\"text-align: justify;\">Atentamente<br \/>\nLic. Sergio Alam\u00e1n Gonz\u00e1lez<br \/>\n<em>Director General de Hip\u00f3dromo de Las Am\u00e9ricas<\/em><\/p>\n","protected":false},"excerpt":{"rendered":"<p>Hip\u00f3dromo de Las Am\u00e9ricas, DF, a 9 de abril de 2013 A lo largo de m\u00e1s de 45 a\u00f1os, M\u00e9xico ha sido un protagonista importante en la Serie H\u00edpica del Caribe, un evento que a la fecha est\u00e1 compuesto por &hellip; <a href=\"https:\/\/confederacionhipicadelcaribe.org\/?p=682\">Sigue leyendo <span class=\"meta-nav\">&rarr;<\/span><\/a><\/p>\n","protected":false},"author":2,"featured_media":0,"comment_status":"closed","ping_status":"open","sticky":false,"template":"","format":"standard","meta":{"footnotes":""},"categories":[11],"tags":[],"class_list":["post-682","post","type-post","status-publish","format-standard","hentry","category-serie-hipica-del-caribe-2013"],"_links":{"self":[{"href":"https:\/\/confederacionhipicadelcaribe.org\/index.php?rest_route=\/wp\/v2\/posts\/682","targetHints":{"allow":["GET"]}}],"collection":[{"href":"https:\/\/confederacionhipicadelcaribe.org\/index.php?rest_route=\/wp\/v2\/posts"}],"about":[{"href":"https:\/\/confederacionhipicadelcaribe.org\/index.php?rest_route=\/wp\/v2\/types\/post"}],"author":[{"embeddable":true,"href":"https:\/\/confederacionhipicadelcaribe.org\/index.php?rest_route=\/wp\/v2\/users\/2"}],"replies":[{"embeddable":true,"href":"https:\/\/confederacionhipicadelcaribe.org\/index.php?rest_route=%2Fwp%2Fv2%2Fcomments&post=682"}],"version-history":[{"count":8,"href":"https:\/\/confederacionhipicadelcaribe.org\/index.php?rest_route=\/wp\/v2\/posts\/682\/revisions"}],"predecessor-version":[{"id":687,"href":"https:\/\/confederacionhipicadelcaribe.org\/index.php?rest_route=\/wp\/v2\/posts\/682\/revisions\/687"}],"wp:attachment":[{"href":"https:\/\/confederacionhipicadelcaribe.org\/index.php?rest_route=%2Fwp%2Fv2%2Fmedia&parent=682"}],"wp:term":[{"taxonomy":"category","embeddable":true,"href":"https:\/\/confederacionhipicadelcaribe.org\/index.php?rest_route=%2Fwp%2Fv2%2Fcategories&post=682"},{"taxonomy":"post_tag","embeddable":true,"href":"https:\/\/confederacionhipicadelcaribe.org\/index.php?rest_route=%2Fwp%2Fv2%2Ftags&post=682"}],"curies":[{"name":"wp","href":"https:\/\/api.w.org\/{rel}","templated":true}]}}