{"id":738,"date":"2013-11-21T03:06:45","date_gmt":"2013-11-21T03:06:45","guid":{"rendered":"http:\/\/confederacionhipicadelcaribe.org\/?p=738"},"modified":"2013-11-21T03:06:45","modified_gmt":"2013-11-21T03:06:45","slug":"venezolanos-en-perfectas-condiciones-2","status":"publish","type":"post","link":"https:\/\/confederacionhipicadelcaribe.org\/?p=738","title":{"rendered":"Venezolanos en perfectas condiciones"},"content":{"rendered":"<p>El Dr. Julio de Jes\u00fas Lobo inform\u00f3 que en hora de la ma\u00f1ana de hoy accedi\u00f3 a la cuarentena del aeropuerto Tocumen de Ciudad de Panam\u00e1 junto al personal autorizado de la delegaci\u00f3n venezolana atendiendo a todos los ejemplares venezolanos sin ning\u00fan contratiempo.<\/p>\n<p>Lobo destac\u00f3 el apoyo recibido en todo momento por el Dr. Eric de la Cruz, Jefe de Cuarentena y su personal. Los ejemplares fueron evaluados, todos con temperatura normal, para luego ser caminados e hidratados oralmente.<\/p>\n<p>Para ma\u00f1ana (hoy) mi\u00e9rcoles 20 est\u00e1 pautado el traslado de los equinos venezolanos hacia el hip\u00f3dromo Presidente Rem\u00f3n, para dar inicio a sus respectivos entrenamientos.<\/p>\n<p>Agradecemos a Rafy Fern\u00e1ndez quien nos hizo llegar estas informaciones.<\/p>\n<p>Asoprorin<br \/>\nComunicado de prensa<br \/>\nCaracas, 19 de noviembre de 2013<\/p>\n","protected":false},"excerpt":{"rendered":"<p>El Dr. Julio de Jes\u00fas Lobo inform\u00f3 que en hora de la ma\u00f1ana de hoy accedi\u00f3 a la cuarentena del aeropuerto Tocumen de Ciudad de Panam\u00e1 junto al personal autorizado de la delegaci\u00f3n venezolana atendiendo a todos los ejemplares venezolanos &hellip; <a href=\"https:\/\/confederacionhipicadelcaribe.org\/?p=738\">Sigue leyendo <span class=\"meta-nav\">&rarr;<\/span><\/a><\/p>\n","protected":false},"author":2,"featured_media":0,"comment_status":"closed","ping_status":"open","sticky":false,"template":"","format":"standard","meta":{"footnotes":""},"categories":[11],"tags":[],"class_list":["post-738","post","type-post","status-publish","format-standard","hentry","category-serie-hipica-del-caribe-2013"],"_links":{"self":[{"href":"https:\/\/confederacionhipicadelcaribe.org\/index.php?rest_route=\/wp\/v2\/posts\/738","targetHints":{"allow":["GET"]}}],"collection":[{"href":"https:\/\/confederacionhipicadelcaribe.org\/index.php?rest_route=\/wp\/v2\/posts"}],"about":[{"href":"https:\/\/confederacionhipicadelcaribe.org\/index.php?rest_route=\/wp\/v2\/types\/post"}],"author":[{"embeddable":true,"href":"https:\/\/confederacionhipicadelcaribe.org\/index.php?rest_route=\/wp\/v2\/users\/2"}],"replies":[{"embeddable":true,"href":"https:\/\/confederacionhipicadelcaribe.org\/index.php?rest_route=%2Fwp%2Fv2%2Fcomments&post=738"}],"version-history":[{"count":1,"href":"https:\/\/confederacionhipicadelcaribe.org\/index.php?rest_route=\/wp\/v2\/posts\/738\/revisions"}],"predecessor-version":[{"id":739,"href":"https:\/\/confederacionhipicadelcaribe.org\/index.php?rest_route=\/wp\/v2\/posts\/738\/revisions\/739"}],"wp:attachment":[{"href":"https:\/\/confederacionhipicadelcaribe.org\/index.php?rest_route=%2Fwp%2Fv2%2Fmedia&parent=738"}],"wp:term":[{"taxonomy":"category","embeddable":true,"href":"https:\/\/confederacionhipicadelcaribe.org\/index.php?rest_route=%2Fwp%2Fv2%2Fcategories&post=738"},{"taxonomy":"post_tag","embeddable":true,"href":"https:\/\/confederacionhipicadelcaribe.org\/index.php?rest_route=%2Fwp%2Fv2%2Ftags&post=738"}],"curies":[{"name":"wp","href":"https:\/\/api.w.org\/{rel}","templated":true}]}}