{"id":761,"date":"2013-11-22T16:00:03","date_gmt":"2013-11-22T16:00:03","guid":{"rendered":"http:\/\/confederacionhipicadelcaribe.org\/?p=761"},"modified":"2013-11-22T16:00:03","modified_gmt":"2013-11-22T16:00:03","slug":"redes-sociales-de-la-serie-hipica-del-caribe-2013","status":"publish","type":"post","link":"https:\/\/confederacionhipicadelcaribe.org\/?p=761","title":{"rendered":"Redes Sociales de la Serie H\u00edpica del Caribe 2013"},"content":{"rendered":"<div style=\"text-align: justify\">(Joe Bruno &#8211; Puerto Rico) \u00a0A continuaci\u00f3n les env\u00edo esta corta comunicaci\u00f3n referente a las redes sociales de la Serie H\u00edpica que creamos el a\u00f1o pasado y que hemos mantenido para la edici\u00f3n de este a\u00f1o como medios de difusi\u00f3n de informaci\u00f3n sobre los eventos internacionales.<\/div>\n<div style=\"text-align: justify\"><\/div>\n<div style=\"text-align: justify\">Les solicito respetuosamente den a conocer en sus diversos medios de prensa los enlaces que les env\u00edo aqu\u00ed para beneficio de todos los aficionados de la h\u00edpica que interesen estar al tanto de los trabajos.<\/div>\n<div style=\"text-align: justify\"><\/div>\n<div style=\"text-align: justify\">En los enlaces que les env\u00edo por este medio se divulgar\u00e1 informaci\u00f3n seg\u00fan surja y sean publicadas en los medios h\u00edpicos internacionales.<\/div>\n<div style=\"text-align: justify\"><\/div>\n<div style=\"text-align: justify\">Adem\u00e1s, en el caso del canal de YouTube desde hace varias semanas estamos publicando diferentes reportes relacionados a la Serie H\u00edpica y sus participantes.<\/div>\n<div style=\"text-align: justify\"><\/div>\n<div style=\"text-align: justify\">A trav\u00e9s del canal de YouTube continuaremos publicando visuales, seg\u00fan vayamos recibiendo informaci\u00f3n desde Panam\u00e1 y hasta nuestra llegada al Hip\u00f3dromo Presidente Rem\u00f3n el lunes 9 de diciembre, cuando reforzaremos la cobertura con otros reportes desde el lugar del evento.<\/div>\n<div style=\"text-align: justify\"><\/div>\n<div style=\"text-align: justify\">La iniciativa es nuestra en conjunto con el amigo y compa\u00f1ero editor Alberto Rodr\u00edguez, quien viaj\u00f3 con este servidor a Panam\u00e1 en 2011 y juntos hemos querido mantener la tarea de informar los acontecimientos de la Serie H\u00edpica.<\/div>\n<div style=\"text-align: justify\"><\/div>\n<div style=\"text-align: justify\">Los enlaces para los tres medios son los siguientes:<\/div>\n<div style=\"text-align: justify\"><\/div>\n<div style=\"text-align: justify\">Facebook:\u00a0<a href=\"https:\/\/www.facebook.com\/ClasicoInternacionaldelCaribe\" rel=\"nofollow\" target=\"_blank\">https:\/\/www.facebook.com\/ClasicoInternacionaldelCaribe<\/a><\/div>\n<div style=\"text-align: justify\"><\/div>\n<div style=\"text-align: justify\">Twitter:\u00a0<a href=\"https:\/\/twitter.com\/ClasicoCaribe\" rel=\"nofollow\" target=\"_blank\">https:\/\/twitter.com\/ClasicoCaribe<\/a><\/div>\n<div style=\"text-align: justify\"><\/div>\n<div style=\"text-align: justify\">YouTube:\u00a0<a href=\"http:\/\/www.youtube.com\/user\/ClasicoDelCaribe\" rel=\"nofollow\" target=\"_blank\">http:\/\/www.youtube.com\/user\/ClasicoDelCaribe<\/a><\/div>\n<div style=\"text-align: justify\"><\/div>\n","protected":false},"excerpt":{"rendered":"<p>(Joe Bruno &#8211; Puerto Rico) \u00a0A continuaci\u00f3n les env\u00edo esta corta comunicaci\u00f3n referente a las redes sociales de la Serie H\u00edpica que creamos el a\u00f1o pasado y que hemos mantenido para la edici\u00f3n de este a\u00f1o como medios de difusi\u00f3n &hellip; <a href=\"https:\/\/confederacionhipicadelcaribe.org\/?p=761\">Sigue leyendo <span class=\"meta-nav\">&rarr;<\/span><\/a><\/p>\n","protected":false},"author":2,"featured_media":0,"comment_status":"closed","ping_status":"open","sticky":false,"template":"","format":"standard","meta":{"footnotes":""},"categories":[11],"tags":[],"class_list":["post-761","post","type-post","status-publish","format-standard","hentry","category-serie-hipica-del-caribe-2013"],"_links":{"self":[{"href":"https:\/\/confederacionhipicadelcaribe.org\/index.php?rest_route=\/wp\/v2\/posts\/761","targetHints":{"allow":["GET"]}}],"collection":[{"href":"https:\/\/confederacionhipicadelcaribe.org\/index.php?rest_route=\/wp\/v2\/posts"}],"about":[{"href":"https:\/\/confederacionhipicadelcaribe.org\/index.php?rest_route=\/wp\/v2\/types\/post"}],"author":[{"embeddable":true,"href":"https:\/\/confederacionhipicadelcaribe.org\/index.php?rest_route=\/wp\/v2\/users\/2"}],"replies":[{"embeddable":true,"href":"https:\/\/confederacionhipicadelcaribe.org\/index.php?rest_route=%2Fwp%2Fv2%2Fcomments&post=761"}],"version-history":[{"count":3,"href":"https:\/\/confederacionhipicadelcaribe.org\/index.php?rest_route=\/wp\/v2\/posts\/761\/revisions"}],"predecessor-version":[{"id":764,"href":"https:\/\/confederacionhipicadelcaribe.org\/index.php?rest_route=\/wp\/v2\/posts\/761\/revisions\/764"}],"wp:attachment":[{"href":"https:\/\/confederacionhipicadelcaribe.org\/index.php?rest_route=%2Fwp%2Fv2%2Fmedia&parent=761"}],"wp:term":[{"taxonomy":"category","embeddable":true,"href":"https:\/\/confederacionhipicadelcaribe.org\/index.php?rest_route=%2Fwp%2Fv2%2Fcategories&post=761"},{"taxonomy":"post_tag","embeddable":true,"href":"https:\/\/confederacionhipicadelcaribe.org\/index.php?rest_route=%2Fwp%2Fv2%2Ftags&post=761"}],"curies":[{"name":"wp","href":"https:\/\/api.w.org\/{rel}","templated":true}]}}