{"id":774,"date":"2013-12-06T14:27:27","date_gmt":"2013-12-06T14:27:27","guid":{"rendered":"http:\/\/confederacionhipicadelcaribe.org\/?p=774"},"modified":"2013-12-06T14:27:27","modified_gmt":"2013-12-06T14:27:27","slug":"murio-el-mexicano-veritas","status":"publish","type":"post","link":"https:\/\/confederacionhipicadelcaribe.org\/?p=774","title":{"rendered":"Muri\u00f3 el mexicano Veritas"},"content":{"rendered":"<p>(Facebook &#8211; Cl\u00e1sico del Caribe) El ejemplar \u2018Veritas\u2019 que estar\u00eda representando a M\u00e9xico en la Copa Confraternidad del Caribe \u2013 Panam\u00e1 2013, muri\u00f3 el d\u00eda de hoy luego de padecer \u201cLaminitis\u201d.<\/p>\n<p>\u2018Veritas\u2019 era un colorado, que ten\u00eda 5 a\u00f1os de edad, pertenec\u00eda a la Cuadra Pozo de Luna, hijo del padrillo \u2018Famous Again\u2019 en la yegua madre \u2018Wild Excuses\u2019 por el abuelo materno \u2018Wild Again\u2019, criado en Rancho Pozo de Luna y entrenado por<br \/>\nArturo Ru\u00edz Garc\u00eda.<\/p>\n<p>\u2018Veritas\u2019 tuvo campa\u00f1a de 30 eventos corridos, 16 triunfos, 4 segundos y 3 terceros.<\/p>\n","protected":false},"excerpt":{"rendered":"<p>(Facebook &#8211; Cl\u00e1sico del Caribe) El ejemplar \u2018Veritas\u2019 que estar\u00eda representando a M\u00e9xico en la Copa Confraternidad del Caribe \u2013 Panam\u00e1 2013, muri\u00f3 el d\u00eda de hoy luego de padecer \u201cLaminitis\u201d. \u2018Veritas\u2019 era un colorado, que ten\u00eda 5 a\u00f1os de &hellip; <a href=\"https:\/\/confederacionhipicadelcaribe.org\/?p=774\">Sigue leyendo <span class=\"meta-nav\">&rarr;<\/span><\/a><\/p>\n","protected":false},"author":2,"featured_media":0,"comment_status":"closed","ping_status":"open","sticky":false,"template":"","format":"standard","meta":{"footnotes":""},"categories":[11],"tags":[],"class_list":["post-774","post","type-post","status-publish","format-standard","hentry","category-serie-hipica-del-caribe-2013"],"_links":{"self":[{"href":"https:\/\/confederacionhipicadelcaribe.org\/index.php?rest_route=\/wp\/v2\/posts\/774","targetHints":{"allow":["GET"]}}],"collection":[{"href":"https:\/\/confederacionhipicadelcaribe.org\/index.php?rest_route=\/wp\/v2\/posts"}],"about":[{"href":"https:\/\/confederacionhipicadelcaribe.org\/index.php?rest_route=\/wp\/v2\/types\/post"}],"author":[{"embeddable":true,"href":"https:\/\/confederacionhipicadelcaribe.org\/index.php?rest_route=\/wp\/v2\/users\/2"}],"replies":[{"embeddable":true,"href":"https:\/\/confederacionhipicadelcaribe.org\/index.php?rest_route=%2Fwp%2Fv2%2Fcomments&post=774"}],"version-history":[{"count":2,"href":"https:\/\/confederacionhipicadelcaribe.org\/index.php?rest_route=\/wp\/v2\/posts\/774\/revisions"}],"predecessor-version":[{"id":776,"href":"https:\/\/confederacionhipicadelcaribe.org\/index.php?rest_route=\/wp\/v2\/posts\/774\/revisions\/776"}],"wp:attachment":[{"href":"https:\/\/confederacionhipicadelcaribe.org\/index.php?rest_route=%2Fwp%2Fv2%2Fmedia&parent=774"}],"wp:term":[{"taxonomy":"category","embeddable":true,"href":"https:\/\/confederacionhipicadelcaribe.org\/index.php?rest_route=%2Fwp%2Fv2%2Fcategories&post=774"},{"taxonomy":"post_tag","embeddable":true,"href":"https:\/\/confederacionhipicadelcaribe.org\/index.php?rest_route=%2Fwp%2Fv2%2Ftags&post=774"}],"curies":[{"name":"wp","href":"https:\/\/api.w.org\/{rel}","templated":true}]}}