{"id":806,"date":"2013-12-08T17:32:56","date_gmt":"2013-12-08T17:32:56","guid":{"rendered":"http:\/\/confederacionhipicadelcaribe.org\/?p=806"},"modified":"2013-12-08T17:32:56","modified_gmt":"2013-12-08T17:32:56","slug":"aprontes-sabado-712","status":"publish","type":"post","link":"https:\/\/confederacionhipicadelcaribe.org\/?p=806","title":{"rendered":"Aprontes s\u00e1bado 7\/12"},"content":{"rendered":"<div align=\"center\"><strong>APRONTES DEL D\u00cdA<\/strong><\/div>\n<div><strong>\u00a0<\/strong><\/div>\n<div><strong>Panam\u00e1, 7 de diciembre de 2013.<\/strong><\/div>\n<div><strong><span style=\"text-decoration: underline\">\u00a0<\/span><\/strong><\/div>\n<div><strong><span style=\"text-decoration: underline\">INTERNACIONAL DEL CARIBE<\/span><\/strong><\/div>\n<div><strong>&#8211; Tom\u00e1s Gabriel (Panam\u00e1)<\/strong><\/div>\n<div>Labor\u00f3 mil 600 metros en:<\/div>\n<div>(8) 13.1\u00a0 26.3\u00a0 39.2\u00a0 52.1\u00a0 1.05\u00a0 1.17.2\u00a0 1.30.3\u00a0 1.44.4\u00a0 exigido en silla con la monta de Ricardo Santana Jr<\/div>\n<div><strong>\u00a0<\/strong><\/div>\n<div><strong>&#8211; Son De Goma (Puerto Rico)<\/strong><\/div>\n<div>Labor\u00f3 mil metros en:<\/div>\n<div>(5) 13.2\u00a0 27\u00a0 40.3\u00a0 53.4\u00a0 1.06.1 f\u00e1cil en silla con la monta de J. Colon<\/div>\n<div>.<\/div>\n<div><strong>&#8211; Turkoni (Venezuela)<\/strong><\/div>\n<div>Labor\u00f3 mil metros en:<\/div>\n<div>(5) 14.1\u00a0 27.4\u00a0 40.2\u00a0 54.4\u00a0 1.07.2\u00a0 f\u00e1cil en pelo con la monta de Ricardo Bracho<\/div>\n<div><\/div>\n<div><strong>&#8211; Diamante Rubio (Mex)<\/strong><\/div>\n<div>Labor\u00f3 mil 800 metros en:<\/div>\n<div>(9) 13.2\u00a0 26.4\u00a0 40.4\u00a0 54.2\u00a0 1.07.4\u00a0 1.21\u00a0 1.35.1\u00a0 1.49\u00a0 2.02.4\u00a0 exigido en silla<\/div>\n<div><strong><span style=\"text-decoration: underline\">\u00a0<\/span><\/strong><\/div>\n<div><strong><span style=\"text-decoration: underline\">\u00a0<\/span><\/strong><\/div>\n<div><strong><span style=\"text-decoration: underline\">CONFRATERNIDAD DEL CARIBE<\/span><\/strong><\/div>\n<div><\/div>\n<div><strong>-El Respetuoso (Panam\u00e1)<\/strong><\/div>\n<div>Cronometr\u00f3 mil metros en fraccionales:<\/div>\n<div>(5)\u00a0 13\u00a0 26\u00a0 39.2\u00a0 52.1\u00a0 1.04.3\u00a0 exigido en silla, parando en (1.19.3) con monta de Oriel\u00a0 S\u00e1nchez<\/div>\n<div><\/div>\n<div><strong>-Arquitecto\u00a0 (Puerto Rico)<\/strong><\/div>\n<div>Cronometr\u00f3\u00a0 800 metros en fraccionales:<\/div>\n<div>(4)\u00a0 13.1\u00a0 26.2\u00a0 38.1\u00a0 50.1\u00a0 f\u00e1cil en silla<\/div>\n<div><strong>\u00a0<\/strong><\/div>\n<div><strong>-Chao (Venezuela)<\/strong><\/div>\n<div>Cronometr\u00f3 mil metros en fraccionales:<\/div>\n<div>(5)\u00a0 14.2\u00a0 27\u00a0 39.4\u00a0 52.4\u00a0 1.05.1\u00a0 f\u00e1cil en pelo parando en (1.19.3) con la monta de Ricardo Bracho<\/div>\n<div><\/div>\n<div><strong>-Love And Music (Venezuela)<\/strong><\/div>\n<div>Cronometr\u00f3 mil metros en fraccionales:<\/div>\n<div>(5)\u00a0 14.3\u00a0 28.1\u00a0 41\u00a0 54.2\u00a0 1.09.1\u00a0 1.22.2\u00a0 f\u00e1cil en silla con la monta de J. C. S\u00e1ez<\/div>\n<div><\/div>\n<div><strong><span style=\"text-decoration: underline\">VELOCIDAD DEL CARIBE<\/span><\/strong><\/div>\n<div><\/div>\n<div><strong>-Mont Gateau (R. Dominicana)<\/strong><\/div>\n<div>Labor\u00f3 800 metros en fracciones de:<\/div>\n<div>(4) 12,<a href=\"4%C2%A0%C2%A0%2024.3%C2%A0%2036.3%C2%A0%2050.1\" target=\"_blank\">4\u00a0\u00a0 24.3\u00a0 36.3\u00a0 50.1<\/a>\u00a0 f\u00e1cil en silla con la monta de R. Jim\u00e9nez.<\/div>\n<div><strong>\u00a0<\/strong><\/div>\n<div><strong><span style=\"text-decoration: underline\">DAMA DEL CARIBE<\/span><\/strong><\/div>\n<div><\/div>\n<div><strong>-Plea Mar (Panam\u00e1)<\/strong><\/div>\n<div>Trabaj\u00f3 mil 200 metros en fraccionales:<\/div>\n<div>(6) 13.3\u00a0 26.1\u00a0 38.1\u00a0 50.4\u00a0 1.03.4\u00a0 1.16.4\u00a0 exigido en silla con la monta de Ricardo Santana Jr.<\/div>\n<div><strong>\u00a0<\/strong><\/div>\n<div><strong>-Time To Tango (R. Dominicana)<\/strong><\/div>\n<div>Trabaj\u00f3 800 metros en fraccionales:<\/div>\n<div>(4) 13.1\u00a0 26.3\u00a0 39.3\u00a0 52.4 f\u00e1cil en silla con la monta de J. Gonz\u00e1lez.<\/div>\n<div><\/div>\n","protected":false},"excerpt":{"rendered":"<p>APRONTES DEL D\u00cdA \u00a0 Panam\u00e1, 7 de diciembre de 2013. \u00a0 INTERNACIONAL DEL CARIBE &#8211; Tom\u00e1s Gabriel (Panam\u00e1) Labor\u00f3 mil 600 metros en: (8) 13.1\u00a0 26.3\u00a0 39.2\u00a0 52.1\u00a0 1.05\u00a0 1.17.2\u00a0 1.30.3\u00a0 1.44.4\u00a0 exigido en silla con la monta de Ricardo &hellip; <a href=\"https:\/\/confederacionhipicadelcaribe.org\/?p=806\">Sigue leyendo <span class=\"meta-nav\">&rarr;<\/span><\/a><\/p>\n","protected":false},"author":2,"featured_media":0,"comment_status":"closed","ping_status":"open","sticky":false,"template":"","format":"standard","meta":{"footnotes":""},"categories":[11],"tags":[],"class_list":["post-806","post","type-post","status-publish","format-standard","hentry","category-serie-hipica-del-caribe-2013"],"_links":{"self":[{"href":"https:\/\/confederacionhipicadelcaribe.org\/index.php?rest_route=\/wp\/v2\/posts\/806","targetHints":{"allow":["GET"]}}],"collection":[{"href":"https:\/\/confederacionhipicadelcaribe.org\/index.php?rest_route=\/wp\/v2\/posts"}],"about":[{"href":"https:\/\/confederacionhipicadelcaribe.org\/index.php?rest_route=\/wp\/v2\/types\/post"}],"author":[{"embeddable":true,"href":"https:\/\/confederacionhipicadelcaribe.org\/index.php?rest_route=\/wp\/v2\/users\/2"}],"replies":[{"embeddable":true,"href":"https:\/\/confederacionhipicadelcaribe.org\/index.php?rest_route=%2Fwp%2Fv2%2Fcomments&post=806"}],"version-history":[{"count":2,"href":"https:\/\/confederacionhipicadelcaribe.org\/index.php?rest_route=\/wp\/v2\/posts\/806\/revisions"}],"predecessor-version":[{"id":808,"href":"https:\/\/confederacionhipicadelcaribe.org\/index.php?rest_route=\/wp\/v2\/posts\/806\/revisions\/808"}],"wp:attachment":[{"href":"https:\/\/confederacionhipicadelcaribe.org\/index.php?rest_route=%2Fwp%2Fv2%2Fmedia&parent=806"}],"wp:term":[{"taxonomy":"category","embeddable":true,"href":"https:\/\/confederacionhipicadelcaribe.org\/index.php?rest_route=%2Fwp%2Fv2%2Fcategories&post=806"},{"taxonomy":"post_tag","embeddable":true,"href":"https:\/\/confederacionhipicadelcaribe.org\/index.php?rest_route=%2Fwp%2Fv2%2Ftags&post=806"}],"curies":[{"name":"wp","href":"https:\/\/api.w.org\/{rel}","templated":true}]}}