{"id":859,"date":"2014-01-28T16:00:56","date_gmt":"2014-01-28T16:00:56","guid":{"rendered":"http:\/\/confederacionhipicadelcaribe.org\/?p=859"},"modified":"2014-01-28T16:02:40","modified_gmt":"2014-01-28T16:02:40","slug":"fallecio-don-ibero-fernandez","status":"publish","type":"post","link":"https:\/\/confederacionhipicadelcaribe.org\/?p=859","title":{"rendered":"Falleci\u00f3 Don Ibero Fern\u00e1ndez"},"content":{"rendered":"<p align=\"center\">La Confederaci\u00f3n H\u00edpica del Caribe se une al duelo por el sensible fallecimiento en Ciudad de Panam\u00e1 del se\u00f1or<strong>\u00a0<\/strong><\/p>\n<h1 align=\"center\"><strong><em>IBERO FERNANDEZ<\/em><\/strong><\/h1>\n<p align=\"center\"><strong>(Q.E.P.D.)<\/strong><\/p>\n<p style=\"text-align: justify\">Hacemos llegar nuestras palabras de condolencia a su se\u00f1ora esposa y sus hijos Rafael, Ibero, Jorge y Mary, hermanos, sobrinos, nietos y dem\u00e1s familiares y allegados.<\/p>\n<p style=\"text-align: justify\">Miembro del Sal\u00f3n dela Fama de la h\u00edpica paname\u00f1a desde 2009, \u00a0deja una huella imborrable en la historia del hipismo caribe\u00f1o.<\/p>\n<p align=\"center\">Paz a su alma<\/p>\n<p align=\"center\">Enero 28, 2014<\/p>\n<p>&nbsp;<\/p>\n","protected":false},"excerpt":{"rendered":"<p>La Confederaci\u00f3n H\u00edpica del Caribe se une al duelo por el sensible fallecimiento en Ciudad de Panam\u00e1 del se\u00f1or\u00a0 IBERO FERNANDEZ (Q.E.P.D.) Hacemos llegar nuestras palabras de condolencia a su se\u00f1ora esposa y sus hijos Rafael, Ibero, Jorge y Mary, &hellip; <a href=\"https:\/\/confederacionhipicadelcaribe.org\/?p=859\">Sigue leyendo <span class=\"meta-nav\">&rarr;<\/span><\/a><\/p>\n","protected":false},"author":2,"featured_media":0,"comment_status":"closed","ping_status":"open","sticky":false,"template":"","format":"standard","meta":{"footnotes":""},"categories":[11],"tags":[],"class_list":["post-859","post","type-post","status-publish","format-standard","hentry","category-serie-hipica-del-caribe-2013"],"_links":{"self":[{"href":"https:\/\/confederacionhipicadelcaribe.org\/index.php?rest_route=\/wp\/v2\/posts\/859","targetHints":{"allow":["GET"]}}],"collection":[{"href":"https:\/\/confederacionhipicadelcaribe.org\/index.php?rest_route=\/wp\/v2\/posts"}],"about":[{"href":"https:\/\/confederacionhipicadelcaribe.org\/index.php?rest_route=\/wp\/v2\/types\/post"}],"author":[{"embeddable":true,"href":"https:\/\/confederacionhipicadelcaribe.org\/index.php?rest_route=\/wp\/v2\/users\/2"}],"replies":[{"embeddable":true,"href":"https:\/\/confederacionhipicadelcaribe.org\/index.php?rest_route=%2Fwp%2Fv2%2Fcomments&post=859"}],"version-history":[{"count":8,"href":"https:\/\/confederacionhipicadelcaribe.org\/index.php?rest_route=\/wp\/v2\/posts\/859\/revisions"}],"predecessor-version":[{"id":866,"href":"https:\/\/confederacionhipicadelcaribe.org\/index.php?rest_route=\/wp\/v2\/posts\/859\/revisions\/866"}],"wp:attachment":[{"href":"https:\/\/confederacionhipicadelcaribe.org\/index.php?rest_route=%2Fwp%2Fv2%2Fmedia&parent=859"}],"wp:term":[{"taxonomy":"category","embeddable":true,"href":"https:\/\/confederacionhipicadelcaribe.org\/index.php?rest_route=%2Fwp%2Fv2%2Fcategories&post=859"},{"taxonomy":"post_tag","embeddable":true,"href":"https:\/\/confederacionhipicadelcaribe.org\/index.php?rest_route=%2Fwp%2Fv2%2Ftags&post=859"}],"curies":[{"name":"wp","href":"https:\/\/api.w.org\/{rel}","templated":true}]}}