{"id":889,"date":"2014-11-17T01:51:06","date_gmt":"2014-11-17T01:51:06","guid":{"rendered":"http:\/\/confederacionhipicadelcaribe.org\/?p=889"},"modified":"2014-11-18T16:36:10","modified_gmt":"2014-11-18T16:36:10","slug":"anunciado-comite-organizador-de-la-serie-hipica-del-caribe-2014","status":"publish","type":"post","link":"https:\/\/confederacionhipicadelcaribe.org\/?p=889","title":{"rendered":"Anunciado Comit\u00e9 Organizador de la Serie H\u00edpica del Caribe 2014"},"content":{"rendered":"<p>Fueron anunciados los integrantes del Comit\u00e9 Organizador de la Serie H\u00edpica del Caribe 2014, estos son:<\/p>\n<p>Presidente: Jos\u00e9 Machek<\/p>\n<p>Organizaci\u00f3n y eventos: Vicente Rubino, Enrique Baumeister y Jos\u00e9 Zaj\u00eda.<\/p>\n<p>Prensa: Juan Carlos Feijo\u00f3<\/p>\n<p>Protocolo: Yoraima Benavides<\/p>\n<p>Log\u00edstica y hospedaje: Emilio Le\u00f3n y Hugo Albarr\u00e1n.<\/p>\n<p>Importaci\u00f3n y Cuarentena: Alfonso Delgado<\/p>\n","protected":false},"excerpt":{"rendered":"<p>Fueron anunciados los integrantes del Comit\u00e9 Organizador de la Serie H\u00edpica del Caribe 2014, estos son: Presidente: Jos\u00e9 Machek Organizaci\u00f3n y eventos: Vicente Rubino, Enrique Baumeister y Jos\u00e9 Zaj\u00eda. Prensa: Juan Carlos Feijo\u00f3 Protocolo: Yoraima Benavides Log\u00edstica y hospedaje: Emilio &hellip; <a href=\"https:\/\/confederacionhipicadelcaribe.org\/?p=889\">Sigue leyendo <span class=\"meta-nav\">&rarr;<\/span><\/a><\/p>\n","protected":false},"author":4,"featured_media":0,"comment_status":"closed","ping_status":"open","sticky":false,"template":"","format":"standard","meta":{"footnotes":""},"categories":[11],"tags":[],"class_list":["post-889","post","type-post","status-publish","format-standard","hentry","category-serie-hipica-del-caribe-2013"],"_links":{"self":[{"href":"https:\/\/confederacionhipicadelcaribe.org\/index.php?rest_route=\/wp\/v2\/posts\/889","targetHints":{"allow":["GET"]}}],"collection":[{"href":"https:\/\/confederacionhipicadelcaribe.org\/index.php?rest_route=\/wp\/v2\/posts"}],"about":[{"href":"https:\/\/confederacionhipicadelcaribe.org\/index.php?rest_route=\/wp\/v2\/types\/post"}],"author":[{"embeddable":true,"href":"https:\/\/confederacionhipicadelcaribe.org\/index.php?rest_route=\/wp\/v2\/users\/4"}],"replies":[{"embeddable":true,"href":"https:\/\/confederacionhipicadelcaribe.org\/index.php?rest_route=%2Fwp%2Fv2%2Fcomments&post=889"}],"version-history":[{"count":2,"href":"https:\/\/confederacionhipicadelcaribe.org\/index.php?rest_route=\/wp\/v2\/posts\/889\/revisions"}],"predecessor-version":[{"id":894,"href":"https:\/\/confederacionhipicadelcaribe.org\/index.php?rest_route=\/wp\/v2\/posts\/889\/revisions\/894"}],"wp:attachment":[{"href":"https:\/\/confederacionhipicadelcaribe.org\/index.php?rest_route=%2Fwp%2Fv2%2Fmedia&parent=889"}],"wp:term":[{"taxonomy":"category","embeddable":true,"href":"https:\/\/confederacionhipicadelcaribe.org\/index.php?rest_route=%2Fwp%2Fv2%2Fcategories&post=889"},{"taxonomy":"post_tag","embeddable":true,"href":"https:\/\/confederacionhipicadelcaribe.org\/index.php?rest_route=%2Fwp%2Fv2%2Ftags&post=889"}],"curies":[{"name":"wp","href":"https:\/\/api.w.org\/{rel}","templated":true}]}}