{"id":904,"date":"2014-11-21T18:07:17","date_gmt":"2014-11-21T18:07:17","guid":{"rendered":"http:\/\/confederacionhipicadelcaribe.org\/?p=904"},"modified":"2014-11-21T20:16:58","modified_gmt":"2014-11-21T20:16:58","slug":"javier-castellano-estara-presente-en-la-shc2014","status":"publish","type":"post","link":"https:\/\/confederacionhipicadelcaribe.org\/?p=904","title":{"rendered":"Javier Jos\u00e9 Castellano estar\u00e1 presente en la Serie H\u00edpica del Caribe 2014"},"content":{"rendered":"<p><a href=\"http:\/\/confederacionhipicadelcaribe.org\/wp-content\/uploads\/2014\/11\/Javier-Castellano_.jpg\"><img loading=\"lazy\" decoding=\"async\" class=\"size-medium wp-image-909 aligncenter\" src=\"http:\/\/confederacionhipicadelcaribe.org\/wp-content\/uploads\/2014\/11\/Javier-Castellano_-300x225.jpg\" alt=\"Javier-Castellano_\" width=\"300\" height=\"225\" srcset=\"https:\/\/confederacionhipicadelcaribe.org\/wp-content\/uploads\/2014\/11\/Javier-Castellano_-300x225.jpg 300w, https:\/\/confederacionhipicadelcaribe.org\/wp-content\/uploads\/2014\/11\/Javier-Castellano_-400x300.jpg 400w, https:\/\/confederacionhipicadelcaribe.org\/wp-content\/uploads\/2014\/11\/Javier-Castellano_.jpg 800w\" sizes=\"auto, (max-width: 300px) 100vw, 300px\" \/><\/a><\/p>\n<p><a title=\"L\u00edder en Deportes\" href=\"http:\/\/www.liderendeportes.com\/noticias\/hipismo\/javier-castellano-montara-en-la-serie-hipica-del-c.aspx\" target=\"_blank\">As\u00ed lo rese\u00f1\u00f3 el diario L\u00edder en Deportes de Venezuela.<\/a><\/p>\n","protected":false},"excerpt":{"rendered":"<p>As\u00ed lo rese\u00f1\u00f3 el diario L\u00edder en Deportes de Venezuela.<\/p>\n","protected":false},"author":4,"featured_media":0,"comment_status":"closed","ping_status":"open","sticky":false,"template":"","format":"standard","meta":{"footnotes":""},"categories":[11],"tags":[],"class_list":["post-904","post","type-post","status-publish","format-standard","hentry","category-serie-hipica-del-caribe-2013"],"_links":{"self":[{"href":"https:\/\/confederacionhipicadelcaribe.org\/index.php?rest_route=\/wp\/v2\/posts\/904","targetHints":{"allow":["GET"]}}],"collection":[{"href":"https:\/\/confederacionhipicadelcaribe.org\/index.php?rest_route=\/wp\/v2\/posts"}],"about":[{"href":"https:\/\/confederacionhipicadelcaribe.org\/index.php?rest_route=\/wp\/v2\/types\/post"}],"author":[{"embeddable":true,"href":"https:\/\/confederacionhipicadelcaribe.org\/index.php?rest_route=\/wp\/v2\/users\/4"}],"replies":[{"embeddable":true,"href":"https:\/\/confederacionhipicadelcaribe.org\/index.php?rest_route=%2Fwp%2Fv2%2Fcomments&post=904"}],"version-history":[{"count":7,"href":"https:\/\/confederacionhipicadelcaribe.org\/index.php?rest_route=\/wp\/v2\/posts\/904\/revisions"}],"predecessor-version":[{"id":919,"href":"https:\/\/confederacionhipicadelcaribe.org\/index.php?rest_route=\/wp\/v2\/posts\/904\/revisions\/919"}],"wp:attachment":[{"href":"https:\/\/confederacionhipicadelcaribe.org\/index.php?rest_route=%2Fwp%2Fv2%2Fmedia&parent=904"}],"wp:term":[{"taxonomy":"category","embeddable":true,"href":"https:\/\/confederacionhipicadelcaribe.org\/index.php?rest_route=%2Fwp%2Fv2%2Fcategories&post=904"},{"taxonomy":"post_tag","embeddable":true,"href":"https:\/\/confederacionhipicadelcaribe.org\/index.php?rest_route=%2Fwp%2Fv2%2Ftags&post=904"}],"curies":[{"name":"wp","href":"https:\/\/api.w.org\/{rel}","templated":true}]}}