{"id":992,"date":"2015-06-15T19:20:59","date_gmt":"2015-06-15T19:20:59","guid":{"rendered":"http:\/\/confederacionhipicadelcaribe.org\/?p=992"},"modified":"2015-06-15T19:20:59","modified_gmt":"2015-06-15T19:20:59","slug":"aprobada-la-sede-para-panama-2015","status":"publish","type":"post","link":"https:\/\/confederacionhipicadelcaribe.org\/?p=992","title":{"rendered":"APROBADA LA SEDE PARA PANAM\u00c1 2015"},"content":{"rendered":"<p>En la Reuni\u00f3n de Medio A\u00f1o de la Confederaci\u00f3n H\u00edpica del Caribe (CHC) celebrada hoy en la ciudad de Nueva York, se aprob\u00f3 a Panam\u00e1 como sede la de Serie H\u00edpica del Caribe para el 2015.<\/p>\n<p>Originalmente, la Rep\u00fablica Dominicana hab\u00eda pedido la sede pero desistieron montar el evento.\u00a0 Manfred Codik, Presidente de la Comisi\u00f3n H\u00edpica Nacional, indic\u00f3 que \u00abel gobierno no dispone de la log\u00edstica y el tiempo para realizar todos los arreglos a la planta f\u00edsica, especialmente el \u00e1rea de cuarentena, que son tan necesarias para un evento de tanta envergadura.\u00a0 Es por eso que declinamos la sede.\u00bb<\/p>\n<p>La Serie H\u00edpica del Caribe se correr\u00e1 en el Hip\u00f3dromo Presidente Rem\u00f3n, los d\u00edas 12 y 13 de diciembre de 2015.<\/p>\n","protected":false},"excerpt":{"rendered":"<p>En la Reuni\u00f3n de Medio A\u00f1o de la Confederaci\u00f3n H\u00edpica del Caribe (CHC) celebrada hoy en la ciudad de Nueva York, se aprob\u00f3 a Panam\u00e1 como sede la de Serie H\u00edpica del Caribe para el 2015. Originalmente, la Rep\u00fablica Dominicana &hellip; <a href=\"https:\/\/confederacionhipicadelcaribe.org\/?p=992\">Sigue leyendo <span class=\"meta-nav\">&rarr;<\/span><\/a><\/p>\n","protected":false},"author":1,"featured_media":0,"comment_status":"closed","ping_status":"open","sticky":false,"template":"","format":"standard","meta":{"footnotes":""},"categories":[11],"tags":[],"class_list":["post-992","post","type-post","status-publish","format-standard","hentry","category-serie-hipica-del-caribe-2013"],"_links":{"self":[{"href":"https:\/\/confederacionhipicadelcaribe.org\/index.php?rest_route=\/wp\/v2\/posts\/992","targetHints":{"allow":["GET"]}}],"collection":[{"href":"https:\/\/confederacionhipicadelcaribe.org\/index.php?rest_route=\/wp\/v2\/posts"}],"about":[{"href":"https:\/\/confederacionhipicadelcaribe.org\/index.php?rest_route=\/wp\/v2\/types\/post"}],"author":[{"embeddable":true,"href":"https:\/\/confederacionhipicadelcaribe.org\/index.php?rest_route=\/wp\/v2\/users\/1"}],"replies":[{"embeddable":true,"href":"https:\/\/confederacionhipicadelcaribe.org\/index.php?rest_route=%2Fwp%2Fv2%2Fcomments&post=992"}],"version-history":[{"count":1,"href":"https:\/\/confederacionhipicadelcaribe.org\/index.php?rest_route=\/wp\/v2\/posts\/992\/revisions"}],"predecessor-version":[{"id":993,"href":"https:\/\/confederacionhipicadelcaribe.org\/index.php?rest_route=\/wp\/v2\/posts\/992\/revisions\/993"}],"wp:attachment":[{"href":"https:\/\/confederacionhipicadelcaribe.org\/index.php?rest_route=%2Fwp%2Fv2%2Fmedia&parent=992"}],"wp:term":[{"taxonomy":"category","embeddable":true,"href":"https:\/\/confederacionhipicadelcaribe.org\/index.php?rest_route=%2Fwp%2Fv2%2Fcategories&post=992"},{"taxonomy":"post_tag","embeddable":true,"href":"https:\/\/confederacionhipicadelcaribe.org\/index.php?rest_route=%2Fwp%2Fv2%2Ftags&post=992"}],"curies":[{"name":"wp","href":"https:\/\/api.w.org\/{rel}","templated":true}]}}